{"id":10136,"date":"2025-10-30T14:01:53","date_gmt":"2025-10-30T13:01:53","guid":{"rendered":"https:\/\/natureplast.eu\/rueckblick-auf-die-k-2025-massgeschneiderte-biokunststoffe-im-mittelpunkt-der-industriellen-herausforderungen\/"},"modified":"2026-01-14T11:38:56","modified_gmt":"2026-01-14T10:38:56","slug":"rueckblick-auf-die-k-2025-massgeschneiderte-biokunststoffe-im-mittelpunkt-der-industriellen-herausforderungen","status":"publish","type":"post","link":"https:\/\/natureplast.eu\/de\/rueckblick-auf-die-k-2025-massgeschneiderte-biokunststoffe-im-mittelpunkt-der-industriellen-herausforderungen\/","title":{"rendered":"R\u00fcckblick auf die K 2025: Ma\u00dfgeschneiderte Biokunststoffe im Mittelpunkt der industriellen Herausforderungen"},"content":{"rendered":"\n<p><a id=\"_msocom_1\"><\/a><strong>Vom 8. bis 15. Oktober 2025 war das Team von NaturePlast in D\u00fcsseldorf, um an der K-Messe teilzunehmen, dem gr\u00f6\u00dften europ\u00e4ischen Treffen der Kunststoff- und Gummiindustrie. Diese neue Veranstaltung bot unseren Teams die Gelegenheit, ihre neuesten Innovationen vorzustellen und durch zahlreiche Gespr\u00e4che das wachsende Interesse des Marktes an leistungsstarken und ma\u00dfgeschneiderten Biokunststoffl\u00f6sungen zu best\u00e4tigen. <\/strong><\/p>\n\n<h3 class=\"wp-block-heading\"><strong>Biokunststoffl\u00f6sungen als Antwort auf die anspruchsvollsten Spezifikationen<\/strong><\/h3>\n\n<p>W\u00e4hrend der gesamten Veranstaltung konnten die Besucher unseres Standes die Bandbreite unseres Know-hows im Bereich der Formulierungen kennen lernen. Die Gespr\u00e4che best\u00e4tigten, dass die Industrie auf der Suche nach neuen Materialien ist, die spezifische technische Anforderungen erf\u00fcllen k\u00f6nnen. <\/p>\n\n<p>Der Austausch konzentrierte sich auf mehrere Schl\u00fcsselthemen:<\/p>\n\n<ul class=\"wp-block-list\">\n<li><strong>Die Einbeziehung von Nebenprodukten <\/strong>in die Formulierung von Biokompositen, die es erm\u00f6glicht, das Design\/die Farbe des Produkts je nach verwendetem Nebenprodukt und Partikelgr\u00f6\u00dfe zu \u00e4ndern.<\/li>\n\n\n\n<li>Die Entwicklung von <strong>biobasierten und\/oder biologisch abbaubaren Compounds<\/strong>, die spezifischen (thermischen, mechanischen, etc.) Anforderungen f\u00fcr verschiedene Anwendungen gerecht werden.<\/li>\n\n\n\n<li><strong>Die Bedeutung des \u00d6kodesigns<\/strong> und die Integration von Biokunststoffen in eine kontrollierte End-of-Life-Logik (Wiederverwertbarkeit, Kompostierbarkeit).<\/li>\n<\/ul>\n\n<p>Diese Dialoge unterstrichen die Relevanz unseres ma\u00dfgeschneiderten Ansatzes, der darauf abzielt, eine einzigartige Materiall\u00f6sung f\u00fcr jedes Projekt zu bieten.  <\/p>\n\n<h3 class=\"wp-block-heading\"><strong>Eine strategische Messe zur St\u00e4rkung von Partnerschaften<\/strong><\/h3>\n\n<p>Der Salon K bleibt ein privilegierter Moment f\u00fcr unser gesamtes \u00d6kosystem. Die Ausgabe 2025 bot uns die M\u00f6glichkeit, unsere Kunden und Lieferanten zu treffen, aber auch qualifizierte Gespr\u00e4che und Kontakte in Frankreich und im Ausland zu f\u00fchren. Diese Treffen sind wichtig, um die zuk\u00fcnftigen Bed\u00fcrfnisse des Marktes zu antizipieren und vielversprechende Kooperationen zu initiieren.  <\/p>\n\n<p>NaturePlast m\u00f6chte auch Business France herzlich f\u00fcr die Organisation des Frankreich-Pavillons danken, der dem franz\u00f6sischen Know-how eine ausgezeichnete Sichtbarkeit verschaffte.<\/p>\n\n<p>Wir bedanken uns herzlich bei allen Besuchern, die zu unserem Treffen gekommen sind. Der Reichtum unseres Austauschs ist eine Quelle der Motivation, um weiterhin innovativ zu sein und zu bauen. <\/p>\n\n<p><a id=\"_msocom_1\"><\/a><\/p>\n\n<figure class=\"wp-block-image size-large is-resized\"><img loading=\"lazy\" decoding=\"async\" width=\"1024\" height=\"768\" src=\"https:\/\/natureplast.eu\/wp-content\/uploads\/2025\/10\/salon-k-7-1024x768.jpg\" alt=\"Messe K 2025 Stand NaturePlast\" class=\"wp-image-9863\" style=\"width:609px;height:auto\" srcset=\"https:\/\/natureplast.eu\/wp-content\/uploads\/2025\/10\/salon-k-7-1024x768.jpg 1024w, https:\/\/natureplast.eu\/wp-content\/uploads\/2025\/10\/salon-k-7-300x225.jpg 300w, https:\/\/natureplast.eu\/wp-content\/uploads\/2025\/10\/salon-k-7-768x576.jpg 768w, https:\/\/natureplast.eu\/wp-content\/uploads\/2025\/10\/salon-k-7-1536x1152.jpg 1536w, https:\/\/natureplast.eu\/wp-content\/uploads\/2025\/10\/salon-k-7-800x600.jpg 800w, https:\/\/natureplast.eu\/wp-content\/uploads\/2025\/10\/salon-k-7.jpg 2048w\" sizes=\"auto, (max-width: 1024px) 100vw, 1024px\" \/><\/figure>\n","protected":false},"excerpt":{"rendered":"<p>Vom 8. bis 15. Oktober 2025 wird NaturePlast an der K-Messe in D\u00fcsseldorf teilnehmen, dem wichtigsten internationalen Treffpunkt f\u00fcr Kunststoff- und Kautschukfachleute.<\/p>\n","protected":false},"author":4,"featured_media":9860,"comment_status":"closed","ping_status":"closed","sticky":false,"template":"","format":"standard","meta":{"_acf_changed":false,"footnotes":""},"categories":[83,76],"tags":[],"class_list":["post-10136","post","type-post","status-publish","format-standard","has-post-thumbnail","hentry","category-nachrichten","category-nachrichten-uber-biokunststoffe"],"acf":[],"_links":{"self":[{"href":"https:\/\/natureplast.eu\/de\/wp-json\/wp\/v2\/posts\/10136","targetHints":{"allow":["GET"]}}],"collection":[{"href":"https:\/\/natureplast.eu\/de\/wp-json\/wp\/v2\/posts"}],"about":[{"href":"https:\/\/natureplast.eu\/de\/wp-json\/wp\/v2\/types\/post"}],"author":[{"embeddable":true,"href":"https:\/\/natureplast.eu\/de\/wp-json\/wp\/v2\/users\/4"}],"replies":[{"embeddable":true,"href":"https:\/\/natureplast.eu\/de\/wp-json\/wp\/v2\/comments?post=10136"}],"version-history":[{"count":1,"href":"https:\/\/natureplast.eu\/de\/wp-json\/wp\/v2\/posts\/10136\/revisions"}],"predecessor-version":[{"id":10137,"href":"https:\/\/natureplast.eu\/de\/wp-json\/wp\/v2\/posts\/10136\/revisions\/10137"}],"wp:featuredmedia":[{"embeddable":true,"href":"https:\/\/natureplast.eu\/de\/wp-json\/wp\/v2\/media\/9860"}],"wp:attachment":[{"href":"https:\/\/natureplast.eu\/de\/wp-json\/wp\/v2\/media?parent=10136"}],"wp:term":[{"taxonomy":"category","embeddable":true,"href":"https:\/\/natureplast.eu\/de\/wp-json\/wp\/v2\/categories?post=10136"},{"taxonomy":"post_tag","embeddable":true,"href":"https:\/\/natureplast.eu\/de\/wp-json\/wp\/v2\/tags?post=10136"}],"curies":[{"name":"wp","href":"https:\/\/api.w.org\/{rel}","templated":true}]}}