{"id":10142,"date":"2025-10-30T16:10:03","date_gmt":"2025-10-30T15:10:03","guid":{"rendered":"https:\/\/natureplast.eu\/das-team-bei-natureplast-waechst-mit-4-neuen-personen-clara-emilie-yohann-und-vincent\/"},"modified":"2026-01-14T15:04:31","modified_gmt":"2026-01-14T14:04:31","slug":"das-team-bei-natureplast-waechst-mit-4-neuen-personen-clara-emilie-yohann-und-vincent","status":"publish","type":"post","link":"https:\/\/natureplast.eu\/de\/das-team-bei-natureplast-waechst-mit-4-neuen-personen-clara-emilie-yohann-und-vincent\/","title":{"rendered":"Das Team bei NaturePlast w\u00e4chst mit 4 neuen Personen: Clara, Emilie, Yohann und Vincent!"},"content":{"rendered":"<p>Zu Beginn des neuen Schuljahres hatte NaturePlast das Vergn\u00fcgen, sein Team um vier neue Mitarbeiter zu erweitern: Yohann Moreau, Clara Garcia, Emilie Rima und Vincent Pasquinelli.<\/p>\n<p><strong>Yohann Moreau<\/strong>, 28 Jahre, ist Kunststofftechniker. Nach einer Karriere in der Hotelbranche hat er sich f\u00fcr das Handwerk entschieden. Er ist neugierig und leidenschaftlich und liebt es, st\u00e4ndig zu lernen und sich neuen Herausforderungen zu stellen, sowohl bei der Arbeit als auch bei der Renovierung von H\u00e4usern.  <\/p>\n<p><strong>Clara Garcia<\/strong> ist 21 Jahre alt und arbeitet als Vertriebsassistentin. Nach einem Studienjahr in Kanada und einem Bachelor in International Business arbeitet sie in den Bereichen Verkauf, Einkauf, Logistik und Verwaltung. Sie ist ehrgeizig und neugierig und liebt es, neue Herausforderungen anzunehmen und sich durch den Kontakt mit neuen Kulturen zu bereichern.  <\/p>\n<p><strong>Emilie Rima<\/strong>, 25 Jahre, absolviert ein Bachelorstudium zum Projektmanager f\u00fcr Marketing und Kommunikation. Nach einem Studium der modernen Literatur und einem dualen BTS Communication widmet sie sich heute der Unternehmenskommunikation. <\/p>\n<p><strong>Vincent Pasquinelli<\/strong>, 24 Jahre, ist Ingenieur f\u00fcr Kunststoffverarbeitung und Verbundwerkstoffe. Nach einem DUT Physikalische Messungen und einer Ingenieurschule an der ISPA Alen\u00e7on ist er heute Produktionsleiter bei NaturePlast, wo er f\u00fcr die Planung, \u00dcberwachung und kontinuierliche Verbesserung verantwortlich ist. Er ist neugierig und interessiert sich f\u00fcr viele Bereiche wie Heimwerker, Mechanik, 3D-Druck und Fotografie.  <\/p>\n<p>Dank ihrer Dynamik und Leidenschaft verst\u00e4rken Yohann, Clara, Emilie und Vincent unser Team, wobei jeder von ihnen wertvolle F\u00e4higkeiten in seinem Bereich einbringt.<\/p>\n<p>Das gesamte Team freut sich, sie bei uns begr\u00fc\u00dfen zu d\u00fcrfen und hei\u00dft sie herzlich willkommen!<\/p>\n\n<figure class=\"wp-block-image size-large\"><img loading=\"lazy\" decoding=\"async\" width=\"1024\" height=\"512\" src=\"https:\/\/natureplast.eu\/wp-content\/uploads\/2025\/10\/Newsletter-1-1024x512.png\" alt=\"Das Team bei NaturePlast wird gr&#xF6;&#xDF;er\" class=\"wp-image-9879\" srcset=\"https:\/\/natureplast.eu\/wp-content\/uploads\/2025\/10\/Newsletter-1-1024x512.png 1024w, https:\/\/natureplast.eu\/wp-content\/uploads\/2025\/10\/Newsletter-1-300x150.png 300w, https:\/\/natureplast.eu\/wp-content\/uploads\/2025\/10\/Newsletter-1-768x384.png 768w, https:\/\/natureplast.eu\/wp-content\/uploads\/2025\/10\/Newsletter-1-1536x768.png 1536w, https:\/\/natureplast.eu\/wp-content\/uploads\/2025\/10\/Newsletter-1-2048x1024.png 2048w, https:\/\/natureplast.eu\/wp-content\/uploads\/2025\/10\/Newsletter-1-800x400.png 800w\" sizes=\"auto, (max-width: 1024px) 100vw, 1024px\" \/><\/figure>\n","protected":false},"excerpt":{"rendered":"<p>Zu Beginn des neuen Schuljahres hatte NaturePlast das Vergn\u00fcgen, sein Team um vier neue Mitarbeiter zu erweitern: Yohann Moreau, Clara Garcia, Emilie Rima und Vincent Pasquinelli. Yohann Moreau, 28 Jahre, ist Kunststofftechniker. Nach einer Karriere in der Hotelbranche hat er sich f\u00fcr das Handwerk entschieden. Er ist neugierig und leidenschaftlich und liebt es, st\u00e4ndig zu [&hellip;]<\/p>\n","protected":false},"author":4,"featured_media":9881,"comment_status":"closed","ping_status":"open","sticky":false,"template":"","format":"standard","meta":{"_acf_changed":false,"footnotes":""},"categories":[47],"tags":[],"class_list":["post-10142","post","type-post","status-publish","format-standard","has-post-thumbnail","hentry","category-nicht-klassifiziert"],"acf":[],"_links":{"self":[{"href":"https:\/\/natureplast.eu\/de\/wp-json\/wp\/v2\/posts\/10142","targetHints":{"allow":["GET"]}}],"collection":[{"href":"https:\/\/natureplast.eu\/de\/wp-json\/wp\/v2\/posts"}],"about":[{"href":"https:\/\/natureplast.eu\/de\/wp-json\/wp\/v2\/types\/post"}],"author":[{"embeddable":true,"href":"https:\/\/natureplast.eu\/de\/wp-json\/wp\/v2\/users\/4"}],"replies":[{"embeddable":true,"href":"https:\/\/natureplast.eu\/de\/wp-json\/wp\/v2\/comments?post=10142"}],"version-history":[{"count":1,"href":"https:\/\/natureplast.eu\/de\/wp-json\/wp\/v2\/posts\/10142\/revisions"}],"predecessor-version":[{"id":10143,"href":"https:\/\/natureplast.eu\/de\/wp-json\/wp\/v2\/posts\/10142\/revisions\/10143"}],"wp:featuredmedia":[{"embeddable":true,"href":"https:\/\/natureplast.eu\/de\/wp-json\/wp\/v2\/media\/9881"}],"wp:attachment":[{"href":"https:\/\/natureplast.eu\/de\/wp-json\/wp\/v2\/media?parent=10142"}],"wp:term":[{"taxonomy":"category","embeddable":true,"href":"https:\/\/natureplast.eu\/de\/wp-json\/wp\/v2\/categories?post=10142"},{"taxonomy":"post_tag","embeddable":true,"href":"https:\/\/natureplast.eu\/de\/wp-json\/wp\/v2\/tags?post=10142"}],"curies":[{"name":"wp","href":"https:\/\/api.w.org\/{rel}","templated":true}]}}