{"id":7462,"date":"2023-10-13T15:00:00","date_gmt":"2023-10-13T13:00:00","guid":{"rendered":"https:\/\/sc2leje1101.universe.wf\/rueckblick-auf-die-valorialconnection-biobasierte-materialien-eine-zu-erkundende-verwertungsmoeglichkeit-fuer-nebenprodukte-der-land-und-ernaehrungswirtschaft\/"},"modified":"2023-10-13T15:00:00","modified_gmt":"2023-10-13T13:00:00","slug":"rueckblick-auf-die-valorialconnection-biobasierte-materialien-eine-zu-erkundende-verwertungsmoeglichkeit-fuer-nebenprodukte-der-land-und-ernaehrungswirtschaft","status":"publish","type":"post","link":"https:\/\/natureplast.eu\/de\/rueckblick-auf-die-valorialconnection-biobasierte-materialien-eine-zu-erkundende-verwertungsmoeglichkeit-fuer-nebenprodukte-der-land-und-ernaehrungswirtschaft\/","title":{"rendered":"R\u00fcckblick auf die Valorial&#8217;Connection: &#8222;Biobasierte Materialien: eine zu erkundende Verwertungsm\u00f6glichkeit f\u00fcr Nebenprodukte der Land- und Ern\u00e4hrungswirtschaft&#8220;?"},"content":{"rendered":"<p>Im Rahmen des europ\u00e4ischen <a href=\"https:\/\/natureplast.eu\/projets_collaboratif\/biorural\/\" target=\"_blank\" rel=\"noopener\">Biorural-Projekts<\/a> hatten wir das Vergn\u00fcgen, die Valorial&#8217;Connection am 12. Oktober 2023 in Zusammenarbeit mit <a href=\"https:\/\/www.pole-valorial.fr\/\" target=\"_blank\" rel=\"noopener\">Valorial<\/a>, einem auf die Lebensmittelindustrie spezialisierten Kompetenzzentrum im Grand Ouest, mitzuorganisieren.<\/p>\n<\/p>\n<p>Dieser Tag war ganz darauf ausgerichtet, den Mitgliedern von Valorial die Aufwertung von Nebenprodukten aus der Lebensmittelindustrie und der Landwirtschaft zu biobasierten Materialien, insbesondere durch die Einarbeitung in Biokunststoffmatrizen, n\u00e4her zu bringen.<\/p>\n<\/p>\n<p>R\u00fcckblick auf das Programm :<\/p>\n<\/p>\n<ul>\n<li>Konferenzen \u00fcber biobasierte Materialien am Vormittag mit Beitr\u00e4gen der Landwirtschaftskammer der Normandie, UniLaSalle, Mytilimer, dem Lehrstuhl f\u00fcr Bio\u00f6konomie N\u00e9oma BS, der Firma BYSCO und NaturePlast.<\/li>\n<li>Besichtigung unserer R\u00e4umlichkeiten: Kunststoffwerkstatt, Behandlungsraum f\u00fcr Nebenprodukte und Labor.<\/li>\n<li>Biorural-Workshop mit Schwerpunkt auf Nebenprodukten aus der Normandie.<\/li>\n<\/ul>\n<p>Nochmals vielen Dank an alle Teilnehmer f\u00fcr diese Zeit des Austauschs!<\/p>\n<\/p>\n<p><img loading=\"lazy\" decoding=\"async\" src=\"https:\/\/natureplast.eu\/wp-content\/uploads\/2023\/12\/IMG_1809-1-300x200.jpg\" alt=\"\" width=\"600\" height=\"400\"><\/p>\n<\/p>\n<p>Diese Workshops werden auch in anderen europ\u00e4ischen L\u00e4ndern durchgef\u00fchrt. Die Ergebnisse werden vom Konsortium des Biorural-Projekts analysiert und erm\u00f6glichen eine Bestandsaufnahme potenzieller innovativer L\u00f6sungen f\u00fcr die Verwertung von Nebenprodukten. <\/p>\n<\/p>\n<p>NaturePlast verwertet bereits zahlreiche Nebenprodukte wie Jakobsmuscheln, Miesmuscheln und Leinensch\u00e4ben, indem sie diese in verschiedene Kunststoffmatrizen integriert.<\/p>\n<\/p>\n<p>Weitere Informationen \u00fcber unser Sortiment an Biokompositen auf der Basis von Nebenprodukten finden Sie auf unserer Website: https: <a href=\"https:\/\/natureplast.eu\/fournisseur-de-bioplastiques\/biocomposites-fibres-et-coproduits\/\" target=\"_blank\" rel=\"noopener\">\/\/natureplast.eu\/fournisseur-de-bioplastiques\/biocomposites-fibres-et-coproduits\/<\/a><\/p>\n<\/p>\n<p><em>Das Biorural-Projekt, das von der Europ\u00e4ischen Kommission finanziert wird, hat das Ziel, ein Netzwerk f\u00fcr die Bio\u00f6konomie in l\u00e4ndlichen Gebieten Europas zu entwickeln und die Integration von zirkul\u00e4ren biobasierten L\u00f6sungen durch ein Online-Toolkit zu beschleunigen.<\/em><\/p>\n<\/p>\n<p><em>Z\u00f6gern Sie nicht, sich anzumelden, um Ihr Netzwerk zu erweitern: https: <a href=\"https:\/\/biorural-toolkit.eu\/registration-form\/\" target=\"_blank\" rel=\"noopener\">\/\/biorural-toolkit.eu\/registration-form\/<\/a><\/em><\/p>\n<\/p>\n<p><em>Weitere Informationen finden Sie auf unserer Website und auf der Website des Projekts:<\/em><br \/><a href=\"https:\/\/natureplast.eu\/projets_collaboratif\/biorural\/\"><em>https:\/\/natureplast.eu\/projets_collaboratif\/biorural\/<\/em><\/a><br \/><a href=\"https:\/\/biorural.eu\/\" target=\"_blank\" rel=\"noopener\"><em>https:\/\/biorural.eu\/<\/em><\/a><\/p>\n","protected":false},"excerpt":{"rendered":"<p>Im Rahmen des europ\u00e4ischen Biorural-Projekts hatten wir das Vergn\u00fcgen, die Valorial&#8217;Connection am 12. Oktober 2023 in Zusammenarbeit mit Valorial, einem auf die Lebensmittelindustrie spezialisierten Kompetenzzentrum im Grand Ouest, mitzuorganisieren. Dieser Tag war ganz darauf ausgerichtet, den Mitgliedern von Valorial die Aufwertung von Nebenprodukten aus der Lebensmittelindustrie und der Landwirtschaft zu biobasierten Materialien, insbesondere durch die [&hellip;]<\/p>\n","protected":false},"author":1,"featured_media":2531,"comment_status":"closed","ping_status":"open","sticky":false,"template":"","format":"standard","meta":{"_acf_changed":false,"footnotes":""},"categories":[47],"tags":[],"class_list":["post-7462","post","type-post","status-publish","format-standard","has-post-thumbnail","hentry","category-nicht-klassifiziert"],"acf":[],"_links":{"self":[{"href":"https:\/\/natureplast.eu\/de\/wp-json\/wp\/v2\/posts\/7462","targetHints":{"allow":["GET"]}}],"collection":[{"href":"https:\/\/natureplast.eu\/de\/wp-json\/wp\/v2\/posts"}],"about":[{"href":"https:\/\/natureplast.eu\/de\/wp-json\/wp\/v2\/types\/post"}],"author":[{"embeddable":true,"href":"https:\/\/natureplast.eu\/de\/wp-json\/wp\/v2\/users\/1"}],"replies":[{"embeddable":true,"href":"https:\/\/natureplast.eu\/de\/wp-json\/wp\/v2\/comments?post=7462"}],"version-history":[{"count":0,"href":"https:\/\/natureplast.eu\/de\/wp-json\/wp\/v2\/posts\/7462\/revisions"}],"wp:featuredmedia":[{"embeddable":true,"href":"https:\/\/natureplast.eu\/de\/wp-json\/wp\/v2\/media\/2531"}],"wp:attachment":[{"href":"https:\/\/natureplast.eu\/de\/wp-json\/wp\/v2\/media?parent=7462"}],"wp:term":[{"taxonomy":"category","embeddable":true,"href":"https:\/\/natureplast.eu\/de\/wp-json\/wp\/v2\/categories?post=7462"},{"taxonomy":"post_tag","embeddable":true,"href":"https:\/\/natureplast.eu\/de\/wp-json\/wp\/v2\/tags?post=7462"}],"curies":[{"name":"wp","href":"https:\/\/api.w.org\/{rel}","templated":true}]}}