{"id":9189,"date":"2025-04-28T16:29:17","date_gmt":"2025-04-28T14:29:17","guid":{"rendered":"https:\/\/natureplast.eu\/?p=9189"},"modified":"2026-04-17T11:34:29","modified_gmt":"2026-04-17T09:34:29","slug":"ruckblick-auf-die-schulung-vom-18-und-19-marz-mit-natureplast-und-bioeconomy-for-change","status":"publish","type":"post","link":"https:\/\/natureplast.eu\/de\/ruckblick-auf-die-schulung-vom-18-und-19-marz-mit-natureplast-und-bioeconomy-for-change\/","title":{"rendered":"R\u00fcckblick auf die Schulung vom 18. und 19. M\u00e4rz mit NaturePlast und Bioeconomy For Change!"},"content":{"rendered":"\n<div class=\"wp-block-group is-nowrap is-layout-flex wp-container-core-group-is-layout-6c531013 wp-block-group-is-layout-flex\">\n<p>Am 18. und 19. M\u00e4rz hatte NaturePlast das Vergn\u00fcgen, Teilnehmer zu einer Business-to-Business-Schulung \u00fcber biobasierte und biologisch abbaubare Polymere in Partnerschaft mit Bioeconomy For Change begr\u00fc\u00dfen zu d\u00fcrfen. Das zweit\u00e4gige Programm bot unseren Teilnehmern die M\u00f6glichkeit, fundierte Kenntnisse zu erwerben und gleichzeitig die praktischen Aspekte der Verarbeitung von Biokunststoffen kennen zu lernen. <\/p>\n<\/div>\n\n<p><strong>Tag 1: Ein bereichernder theoretischer Tag<\/strong><\/p>\n\n<p>Der erste Tag war der Theorie gewidmet. Unsere Trainer erforschten die Besonderheiten von biobasierten und biologisch abbaubaren Kunststoffen und behandelten wichtige Themen wie den Markt f\u00fcr Biokunststoffe, die verwendeten Materialien und ihre verschiedenen Anwendungen. Es war eine einzigartige Gelegenheit f\u00fcr die Teilnehmer, die Themen, Trends und Herausforderungen des Biokunststoffsektors zu verstehen.  <\/p>\n\n<p><strong>Tag 2: Die Praxis<\/strong><\/p>\n\n<p>Der zweite Tag war der praktischen Umsetzung der behandelten Konzepte gewidmet. Die Teilnehmer hatten die M\u00f6glichkeit, verschiedene Schritte des Verarbeitungsprozesses von Biokunststoffen zu testen, einschlie\u00dflich Compoundierung, Einspritzen von Proben und Materialcharakterisierung. Diese praktischen Workshops erm\u00f6glichten eine bessere Visualisierung des Produktionsprozesses und ein tieferes Verst\u00e4ndnis der verschiedenen verwendeten Technologien.  <\/p>\n\n<div class=\"wp-block-group is-nowrap is-layout-flex wp-container-core-group-is-layout-6c531013 wp-block-group-is-layout-flex\">\n<p>Wir m\u00f6chten allen Teilnehmern f\u00fcr ihren Enthusiasmus und ihr Engagement w\u00e4hrend dieses Kurses danken. Ihre aktive Beteiligung war f\u00fcr den Erfolg dieses Kurses von entscheidender Bedeutung. <\/p>\n<\/div>\n\n<p>Wenn Sie Ihr Wissen \u00fcber Biokunststoffe erweitern und unsere Verarbeitungsprozesse kennen lernen m\u00f6chten, sollten Sie unsere n\u00e4chsten Schulungen am 20. und 21. Mai sowie am 23. und 24. September nicht verpassen.  <\/p>\n\n<p><strong>Melden Sie sich jetzt an, um Ihren Platz zu reservieren:<\/strong> <a href=\"https:\/\/www.bioeconomyforchange.eu\/evenement\/formation-inter-entreprises-septembre-2025-les-polymeres-biosources-et-ou-biodegradables\/\" target=\"_blank\" rel=\"noopener\">https:\/\/www.bioeconomyforchange.eu\/evenement\/formation-inter-entreprises-septembre-2025-les-polymeres-biosources-et-ou-biodegradables\/<\/a><\/p>\n<div class=\"wp-block-image\">\n<figure class=\"aligncenter size-large is-resized\"><img loading=\"lazy\" decoding=\"async\" width=\"1024\" height=\"683\" src=\"https:\/\/natureplast.eu\/wp-content\/uploads\/2025\/04\/296-1024x683.png\" alt=\"\" class=\"wp-image-9287\" style=\"width:658px;height:auto\" srcset=\"https:\/\/natureplast.eu\/wp-content\/uploads\/2025\/04\/296-1024x683.png 1024w, https:\/\/natureplast.eu\/wp-content\/uploads\/2025\/04\/296-300x200.png 300w, https:\/\/natureplast.eu\/wp-content\/uploads\/2025\/04\/296-768x512.png 768w, https:\/\/natureplast.eu\/wp-content\/uploads\/2025\/04\/296-1536x1024.png 1536w, https:\/\/natureplast.eu\/wp-content\/uploads\/2025\/04\/296-800x533.png 800w, https:\/\/natureplast.eu\/wp-content\/uploads\/2025\/04\/296.png 1920w\" sizes=\"auto, (max-width: 1024px) 100vw, 1024px\" \/><\/figure>\n<\/div>\n<p><a id=\"_msocom_1\"><\/a><\/p>\n","protected":false},"excerpt":{"rendered":"<p>Am 18. und 19. M\u00e4rz hatte NaturePlast das Vergn\u00fcgen, Teilnehmer zu einer Business-to-Business-Schulung \u00fcber biobasierte und biologisch abbaubare Polymere in Partnerschaft mit Bioeconomy For Change begr\u00fc\u00dfen zu d\u00fcrfen. Das zweit\u00e4gige Programm bot unseren Teilnehmern die M\u00f6glichkeit, fundierte Kenntnisse zu erwerben und gleichzeitig die praktischen Aspekte der Verarbeitung von Biokunststoffen kennen zu lernen. Tag 1: Ein [&hellip;]<\/p>\n","protected":false},"author":4,"featured_media":9182,"comment_status":"closed","ping_status":"closed","sticky":false,"template":"","format":"standard","meta":{"_acf_changed":false,"footnotes":""},"categories":[83],"tags":[],"class_list":["post-9189","post","type-post","status-publish","format-standard","has-post-thumbnail","hentry","category-nachrichten"],"acf":[],"_links":{"self":[{"href":"https:\/\/natureplast.eu\/de\/wp-json\/wp\/v2\/posts\/9189","targetHints":{"allow":["GET"]}}],"collection":[{"href":"https:\/\/natureplast.eu\/de\/wp-json\/wp\/v2\/posts"}],"about":[{"href":"https:\/\/natureplast.eu\/de\/wp-json\/wp\/v2\/types\/post"}],"author":[{"embeddable":true,"href":"https:\/\/natureplast.eu\/de\/wp-json\/wp\/v2\/users\/4"}],"replies":[{"embeddable":true,"href":"https:\/\/natureplast.eu\/de\/wp-json\/wp\/v2\/comments?post=9189"}],"version-history":[{"count":5,"href":"https:\/\/natureplast.eu\/de\/wp-json\/wp\/v2\/posts\/9189\/revisions"}],"predecessor-version":[{"id":9308,"href":"https:\/\/natureplast.eu\/de\/wp-json\/wp\/v2\/posts\/9189\/revisions\/9308"}],"wp:featuredmedia":[{"embeddable":true,"href":"https:\/\/natureplast.eu\/de\/wp-json\/wp\/v2\/media\/9182"}],"wp:attachment":[{"href":"https:\/\/natureplast.eu\/de\/wp-json\/wp\/v2\/media?parent=9189"}],"wp:term":[{"taxonomy":"category","embeddable":true,"href":"https:\/\/natureplast.eu\/de\/wp-json\/wp\/v2\/categories?post=9189"},{"taxonomy":"post_tag","embeddable":true,"href":"https:\/\/natureplast.eu\/de\/wp-json\/wp\/v2\/tags?post=9189"}],"curies":[{"name":"wp","href":"https:\/\/api.w.org\/{rel}","templated":true}]}}