{"id":9696,"date":"2025-07-21T09:59:22","date_gmt":"2025-07-21T07:59:22","guid":{"rendered":"https:\/\/natureplast.eu\/filasterid-projekt-eine-neue-kette-zur-verwertung-von-seesternen\/"},"modified":"2025-07-21T10:01:39","modified_gmt":"2025-07-21T08:01:39","slug":"filasterid-projekt-eine-neue-kette-zur-verwertung-von-seesternen","status":"publish","type":"post","link":"https:\/\/natureplast.eu\/de\/filasterid-projekt-eine-neue-kette-zur-verwertung-von-seesternen\/","title":{"rendered":"FILASTERID Projekt: Eine neue Kette zur Verwertung von Seesternen"},"content":{"rendered":"\n<p>NaturePlast nimmt am <strong>FILASTERID-Projekt<\/strong> teil, zusammen mit engagierten wissenschaftlichen und industriellen Akteuren, um eine sich vermehrende Spezies in eine <strong>nachhaltige Ressource<\/strong> umzuwandeln. Dieses interregionale Projekt zielt auf die Strukturierung einer <strong>vollst\u00e4ndigen Wertsch\u00f6pfungskette f\u00fcr Seesterne<\/strong> ab, die trotz ihres Reichtums an der bretonischen K\u00fcste derzeit kaum genutzt werden. <\/p>\n\n<p><strong>Ein Umwelt- und Wirtschaftsproblem<\/strong><\/p>\n\n<p>Die Verbreitung von Seesternen<em>(Asterias rubens<\/em> und <em>Marthasterias glacialis<\/em>) f\u00fchrt zu starken St\u00f6rungen:<\/p>\n\n<ul class=\"wp-block-list\">\n<li>R\u00e4uberei auf Muscheln,<\/li>\n\n\n\n<li>Besch\u00e4digung von Fischereiger\u00e4ten,<\/li>\n\n\n\n<li>R\u00fcckgang der Ertr\u00e4ge in der Muschelzucht.<\/li>\n<\/ul>\n\n<p>Wenn diese Seesterne als Beifang in den Netzen landen, sterben sie ab und erzeugen eine Biomasse, die bislang nicht ausreichend genutzt wird.<\/p>\n\n<p><strong>Drei komplement\u00e4re Verwertungswege<\/strong><\/p>\n\n<p>FILASTERID zielt darauf ab, <strong>diese Biomasse in eine n\u00fctzliche Ressource umzuwandeln<\/strong>, und zwar in drei Richtungen:<\/p>\n\n<ul class=\"wp-block-list\">\n<li><strong>Produkte f\u00fcr die Tierern\u00e4hrung<\/strong> (organischer Teil),<\/li>\n\n\n\n<li><strong>Produkte f\u00fcr die Pflanzenern\u00e4hrung<\/strong> (bioaktive Extrakte),<\/li>\n\n\n\n<li><strong>Biomaterialien: Funktionalisierte F\u00fcllstoffe f\u00fcr biobasierte und\/oder biologisch abbaubare Polymere<\/strong> (mineralischer Anteil).<\/li>\n<\/ul>\n\n<p><strong>Eine nat\u00fcrliche Architektur mit \u00fcberraschenden Eigenschaften<\/strong><\/p>\n\n<p>NaturePlast ist im Bereich der <strong>Biomaterialien<\/strong> t\u00e4tig. Unsere Aufgabe ist es, den mineralischen Teil (das Skelett) durch <strong>Mahlen, Mikronisieren und Sieben<\/strong> zu verarbeiten und ihn dann in Polymeren in verschiedenen Ma\u00dfst\u00e4ben (Labor, Pilot und Herstellung erster Prototypen) zu integrieren.<br\/>Dieses Skelett zeigt unter dem Mikroskop eine <strong>por\u00f6se Struktur, die mit einem Schweizer K\u00e4se vergleichbar<\/strong> ist: ein Material voller kleiner nat\u00fcrlicher Tunnel. Diese Konfiguration erm\u00f6glicht die <strong>Integration von Wirkstoffen<\/strong>, wie z.B. \u00e4therischen \u00d6len.  <\/p>\n\n<p>Beispiel f\u00fcr m\u00f6gliche Anwendungen :<\/p>\n\n<ul class=\"wp-block-list\">\n<li><strong>Anti-M\u00fccken-Armb\u00e4nder<\/strong>, bei denen der Wirkstoff direkt in das Material eingekapselt ist,<\/li>\n\n\n\n<li><strong>Gartenzubeh\u00f6r<\/strong>, das allm\u00e4hlich kulturabsto\u00dfende Substanzen freisetzt.<\/li>\n<\/ul>\n\n<p><strong>Eine erste technische Phase l\u00e4uft<\/strong><\/p>\n\n<p>Wir haben die <strong>ersten Proben<\/strong> erhalten und werden im Sommer mit den <strong>Mahlversuchen<\/strong> beginnen. Unser Partner wird die ersten Tests zur<strong>Integration<\/strong> <strong>von Wirkstoffen<\/strong> durchf\u00fchren. Ziel ist es, die richtigen technischen Parameter zu definieren, um Materialien zu erhalten, die sowohl funktionell als auch \u00e4sthetisch sind.  <\/p>\n\n<p><strong>Interdisziplin\u00e4re Zusammenarbeit<\/strong><\/p>\n\n<p>Das Projekt vereint mehrere Partner:<\/p>\n\n<ul class=\"wp-block-list\">\n<li><strong>Agro Innovation International (CMI Roullier), dem Tr\u00e4ger des Projekts<\/strong> &#8211; Tier- und Pflanzenern\u00e4hrung,<\/li>\n\n\n\n<li><strong>Mus\u00e9um National d&#8217;Histoire Naturelle &#8211; Station marine de Concarneau<\/strong> &#8211; biologisches Gutachten und Sammlung,<\/li>\n\n\n\n<li><strong>Universit\u00e9 de Bretagne Sud &#8211; ComposiTIC-Plattform<\/strong> &#8211; Modellierung und Charakterisierung von Materialien,<\/li>\n\n\n\n<li><strong>NaturePlast<\/strong>, f\u00fcr die Entwicklung von Formulierungen und die Formgebung von Biopolymeren.<\/li>\n<\/ul>\n\n<p>Das FILASTERID-Projekt wird bis <strong>2028<\/strong> laufen, mit dem Ziel, einen nachhaltigen Sektor f\u00fcr eine heute noch nicht ausreichend genutzte Ressource aufzubauen.<\/p>\n\n<p><br\/>Weitere Informationen und Verfolgung der Entwicklung des Projekts: <a href=\"https:\/\/natureplast.eu\/de\/projet\/filasterid\/\">natureplast.eu\/projekt\/filasterid<\/a><\/p>\n\n<figure class=\"wp-block-image size-large\"><img loading=\"lazy\" decoding=\"async\" width=\"1024\" height=\"819\" src=\"https:\/\/natureplast.eu\/wp-content\/uploads\/2025\/07\/FILAS-1-NPMG_2-1024x819.jpg\" alt=\"Quelle: ComposiTIC - Universit&#xE9; Bretagne Sud\" class=\"wp-image-9690\" srcset=\"https:\/\/natureplast.eu\/wp-content\/uploads\/2025\/07\/FILAS-1-NPMG_2-1024x819.jpg 1024w, https:\/\/natureplast.eu\/wp-content\/uploads\/2025\/07\/FILAS-1-NPMG_2-300x240.jpg 300w, https:\/\/natureplast.eu\/wp-content\/uploads\/2025\/07\/FILAS-1-NPMG_2-768x614.jpg 768w, https:\/\/natureplast.eu\/wp-content\/uploads\/2025\/07\/FILAS-1-NPMG_2-800x640.jpg 800w, https:\/\/natureplast.eu\/wp-content\/uploads\/2025\/07\/FILAS-1-NPMG_2.jpg 1280w\" sizes=\"auto, (max-width: 1024px) 100vw, 1024px\" \/><figcaption class=\"wp-element-caption\">Quelle: ComposiTIC &#8211; Universit\u00e9 Bretagne Sud<\/figcaption><\/figure>\n","protected":false},"excerpt":{"rendered":"<p>NaturePlast nimmt am FILASTERID-Projekt teil, zusammen mit engagierten wissenschaftlichen und industriellen Akteuren, um eine sich vermehrende Spezies in eine nachhaltige Ressource umzuwandeln. Dieses interregionale Projekt zielt auf die Strukturierung einer vollst\u00e4ndigen Wertsch\u00f6pfungskette f\u00fcr Seesterne ab, die trotz ihres Reichtums an der bretonischen K\u00fcste derzeit kaum genutzt werden. Ein Umwelt- und Wirtschaftsproblem Die Verbreitung von Seesternen(Asterias [&hellip;]<\/p>\n","protected":false},"author":4,"featured_media":9692,"comment_status":"closed","ping_status":"closed","sticky":false,"template":"","format":"standard","meta":{"_acf_changed":false,"footnotes":""},"categories":[83],"tags":[],"class_list":["post-9696","post","type-post","status-publish","format-standard","has-post-thumbnail","hentry","category-nachrichten"],"acf":[],"_links":{"self":[{"href":"https:\/\/natureplast.eu\/de\/wp-json\/wp\/v2\/posts\/9696","targetHints":{"allow":["GET"]}}],"collection":[{"href":"https:\/\/natureplast.eu\/de\/wp-json\/wp\/v2\/posts"}],"about":[{"href":"https:\/\/natureplast.eu\/de\/wp-json\/wp\/v2\/types\/post"}],"author":[{"embeddable":true,"href":"https:\/\/natureplast.eu\/de\/wp-json\/wp\/v2\/users\/4"}],"replies":[{"embeddable":true,"href":"https:\/\/natureplast.eu\/de\/wp-json\/wp\/v2\/comments?post=9696"}],"version-history":[{"count":2,"href":"https:\/\/natureplast.eu\/de\/wp-json\/wp\/v2\/posts\/9696\/revisions"}],"predecessor-version":[{"id":9706,"href":"https:\/\/natureplast.eu\/de\/wp-json\/wp\/v2\/posts\/9696\/revisions\/9706"}],"wp:featuredmedia":[{"embeddable":true,"href":"https:\/\/natureplast.eu\/de\/wp-json\/wp\/v2\/media\/9692"}],"wp:attachment":[{"href":"https:\/\/natureplast.eu\/de\/wp-json\/wp\/v2\/media?parent=9696"}],"wp:term":[{"taxonomy":"category","embeddable":true,"href":"https:\/\/natureplast.eu\/de\/wp-json\/wp\/v2\/categories?post=9696"},{"taxonomy":"post_tag","embeddable":true,"href":"https:\/\/natureplast.eu\/de\/wp-json\/wp\/v2\/tags?post=9696"}],"curies":[{"name":"wp","href":"https:\/\/api.w.org\/{rel}","templated":true}]}}