{"id":10134,"date":"2025-10-30T13:57:50","date_gmt":"2025-10-30T12:57:50","guid":{"rendered":"https:\/\/natureplast.eu\/un-repaso-al-curso-de-formacion-celebrado-los-dias-23-y-24-de-septiembre-con-natureplast-y-bioeconomy-for-change\/"},"modified":"2026-01-14T11:34:42","modified_gmt":"2026-01-14T10:34:42","slug":"un-repaso-al-curso-de-formacion-celebrado-los-dias-23-y-24-de-septiembre-con-natureplast-y-bioeconomy-for-change","status":"publish","type":"post","link":"https:\/\/natureplast.eu\/es\/un-repaso-al-curso-de-formacion-celebrado-los-dias-23-y-24-de-septiembre-con-natureplast-y-bioeconomy-for-change\/","title":{"rendered":"\u00a1Un repaso al curso de formaci\u00f3n celebrado los d\u00edas 23 y 24 de septiembre con NaturePlast y Bioeconomy For Change!"},"content":{"rendered":"\n<div class=\"wp-block-group is-nowrap is-layout-flex wp-container-core-group-is-layout-6c531013 wp-block-group-is-layout-flex\">\n<p>Los d\u00edas 23 y 24 de septiembre, NaturePlast tuvo el placer de acoger a los participantes en un curso de formaci\u00f3n sobre pol\u00edmeros de origen biol\u00f3gico y\/o biodegradables, en colaboraci\u00f3n con Bioeconomy For Change. Estos dos d\u00edas de formaci\u00f3n permitieron a los participantes adquirir conocimientos en este campo al tiempo que descubr\u00edan los procesos industriales de transformaci\u00f3n de los biopl\u00e1sticos. <\/p>\n<\/div>\n\n<p><\/p>\n\n<p><strong>D\u00eda 1: Un gratificante d\u00eda de teor\u00eda<\/strong><\/p>\n\n<p>En este primer d\u00eda de formaci\u00f3n, se introdujo a los participantes en los fundamentos: una visi\u00f3n general del mercado de los biopl\u00e1sticos, propiedades de los materiales, campos de aplicaci\u00f3n, as\u00ed como limitaciones y puntos a tener en cuenta.<br\/>El objetivo del m\u00f3dulo era proporcionar una visi\u00f3n clara y estructurada de los termopl\u00e1sticos de origen biol\u00f3gico y\/o biodegradables con vistas a la innovaci\u00f3n de productos.  <\/p>\n\n<p><strong>D\u00eda 2: Ponerlo en pr\u00e1ctica<\/strong><\/p>\n\n<p>El segundo d\u00eda se pas\u00f3 de la teor\u00eda a la pr\u00e1ctica: los participantes tuvieron la oportunidad de tomar parte en una secci\u00f3n pr\u00e1ctica sobre compounding, inyecci\u00f3n en probeta y caracterizaci\u00f3n de materiales. Este formato, que combina teor\u00eda y pr\u00e1ctica, permiti\u00f3 a los participantes comprender mejor las fases de transformaci\u00f3n y las caracter\u00edsticas espec\u00edficas de los biopl\u00e1sticos.<br\/>Mediante la experiencia pr\u00e1ctica y el debate, los participantes pudieron consolidar sus conocimientos y comprender mejor los criterios de elecci\u00f3n de materiales y procesos. <\/p>\n\n<div class=\"wp-block-group is-nowrap is-layout-flex wp-container-core-group-is-layout-6c531013 wp-block-group-is-layout-flex\">\n<p>Queremos agradecer a todos los participantes su implicaci\u00f3n, su curiosidad y la calidad de los debates. Esta sesi\u00f3n fue especialmente rica en intercambios y comentarios. \u00a1Un verdadero placer para los formadores! Gracias tambi\u00e9n a Bioeconomy For Change por esta fruct\u00edfera colaboraci\u00f3n.   <\/p>\n<\/div>\n\n<p><\/p>\n\n<h4 class=\"wp-block-heading\"><strong>\u00bfTu empresa quiere desarrollar su experiencia en biopl\u00e1sticos?<\/strong><\/h4>\n\n<p>Dise\u00f1amos cursos de formaci\u00f3n a medida, totalmente adaptados a tus proyectos y a tus equipos.<\/p>\n\n<p>Para saber m\u00e1s sobre todos nuestros m\u00f3dulos, desde los b\u00e1sicos hasta el tratamiento de materiales, consulta nuestro cat\u00e1logo.<\/p>\n\n<p><strong>Consulta nuestro cat\u00e1logo de formaci\u00f3n y ponte en contacto con nosotros para un programa personalizado: <\/strong><a href=\"https:\/\/natureplast.eu\/es\/nuestra-experiencia\/servicios\/formacion\/\">https:\/\/natureplast.eu\/notre-expertise\/services\/formation\/<\/a><\/p>\n<div class=\"wp-block-image\">\n<figure class=\"aligncenter size-large is-resized\"><img loading=\"lazy\" decoding=\"async\" width=\"1024\" height=\"768\" src=\"https:\/\/natureplast.eu\/wp-content\/uploads\/2025\/10\/IMG_5841-1024x768.jpg\" alt=\"Visita al laboratorio NaturePlast durante un curso de formaci&#xF3;n\" class=\"wp-image-9852\" style=\"width:658px;height:auto\" srcset=\"https:\/\/natureplast.eu\/wp-content\/uploads\/2025\/10\/IMG_5841-1024x768.jpg 1024w, https:\/\/natureplast.eu\/wp-content\/uploads\/2025\/10\/IMG_5841-300x225.jpg 300w, https:\/\/natureplast.eu\/wp-content\/uploads\/2025\/10\/IMG_5841-768x576.jpg 768w, https:\/\/natureplast.eu\/wp-content\/uploads\/2025\/10\/IMG_5841-1536x1152.jpg 1536w, https:\/\/natureplast.eu\/wp-content\/uploads\/2025\/10\/IMG_5841-2048x1536.jpg 2048w, https:\/\/natureplast.eu\/wp-content\/uploads\/2025\/10\/IMG_5841-800x600.jpg 800w\" sizes=\"auto, (max-width: 1024px) 100vw, 1024px\" \/><\/figure>\n<\/div>\n<p><a id=\"_msocom_1\"><\/a><\/p>\n","protected":false},"excerpt":{"rendered":"<p>Los d\u00edas 23 y 24 de septiembre, NaturePlast tuvo el placer de acoger a los participantes en un curso de formaci\u00f3n sobre pol\u00edmeros de origen biol\u00f3gico y\/o biodegradables, en colaboraci\u00f3n con Bioeconomy For Change. Estos dos d\u00edas de formaci\u00f3n permitieron a los participantes adquirir conocimientos en este campo al tiempo que descubr\u00edan los procesos industriales [&hellip;]<\/p>\n","protected":false},"author":4,"featured_media":9846,"comment_status":"closed","ping_status":"closed","sticky":false,"template":"","format":"standard","meta":{"_acf_changed":false,"footnotes":""},"categories":[81],"tags":[],"class_list":["post-10134","post","type-post","status-publish","format-standard","has-post-thumbnail","hentry","category-noticias-es"],"acf":[],"_links":{"self":[{"href":"https:\/\/natureplast.eu\/es\/wp-json\/wp\/v2\/posts\/10134","targetHints":{"allow":["GET"]}}],"collection":[{"href":"https:\/\/natureplast.eu\/es\/wp-json\/wp\/v2\/posts"}],"about":[{"href":"https:\/\/natureplast.eu\/es\/wp-json\/wp\/v2\/types\/post"}],"author":[{"embeddable":true,"href":"https:\/\/natureplast.eu\/es\/wp-json\/wp\/v2\/users\/4"}],"replies":[{"embeddable":true,"href":"https:\/\/natureplast.eu\/es\/wp-json\/wp\/v2\/comments?post=10134"}],"version-history":[{"count":1,"href":"https:\/\/natureplast.eu\/es\/wp-json\/wp\/v2\/posts\/10134\/revisions"}],"predecessor-version":[{"id":10135,"href":"https:\/\/natureplast.eu\/es\/wp-json\/wp\/v2\/posts\/10134\/revisions\/10135"}],"wp:featuredmedia":[{"embeddable":true,"href":"https:\/\/natureplast.eu\/es\/wp-json\/wp\/v2\/media\/9846"}],"wp:attachment":[{"href":"https:\/\/natureplast.eu\/es\/wp-json\/wp\/v2\/media?parent=10134"}],"wp:term":[{"taxonomy":"category","embeddable":true,"href":"https:\/\/natureplast.eu\/es\/wp-json\/wp\/v2\/categories?post=10134"},{"taxonomy":"post_tag","embeddable":true,"href":"https:\/\/natureplast.eu\/es\/wp-json\/wp\/v2\/tags?post=10134"}],"curies":[{"name":"wp","href":"https:\/\/api.w.org\/{rel}","templated":true}]}}