{"id":10140,"date":"2025-10-30T14:01:53","date_gmt":"2025-10-30T13:01:53","guid":{"rendered":"https:\/\/natureplast.eu\/una-mirada-retrospectiva-a-k-2025-los-bioplasticos-a-medida-en-el-centro-de-los-retos-industriales\/"},"modified":"2026-01-14T14:11:20","modified_gmt":"2026-01-14T13:11:20","slug":"una-mirada-retrospectiva-a-k-2025-los-bioplasticos-a-medida-en-el-centro-de-los-retos-industriales","status":"publish","type":"post","link":"https:\/\/natureplast.eu\/es\/una-mirada-retrospectiva-a-k-2025-los-bioplasticos-a-medida-en-el-centro-de-los-retos-industriales\/","title":{"rendered":"Una mirada retrospectiva a K 2025: los biopl\u00e1sticos a medida en el centro de los retos industriales"},"content":{"rendered":"\n<p><a id=\"_msocom_1\"><\/a><strong>Del 8 al 15 de octubre de 2025, el equipo de NaturePlast estuvo en D\u00fcsseldorf para participar en la feria K, el mayor punto de encuentro europeo de la industria del pl\u00e1stico y el caucho. Esta nueva edici\u00f3n fue una oportunidad para que nuestros equipos presentaran sus \u00faltimas innovaciones y confirmaran, a trav\u00e9s de numerosos intercambios, el creciente inter\u00e9s del mercado por las soluciones de biopl\u00e1sticos a medida y de alto rendimiento. <\/strong><\/p>\n\n<h3 class=\"wp-block-heading\"><strong>Soluciones de biopl\u00e1sticos para cumplir las especificaciones m\u00e1s exigentes<\/strong><\/h3>\n\n<p>A lo largo del evento, los visitantes de nuestro stand pudieron descubrir el alcance de nuestra experiencia en formulaci\u00f3n. Los debates confirmaron que los fabricantes buscan nuevos materiales capaces de satisfacer requisitos t\u00e9cnicos precisos. <\/p>\n\n<p>Los debates se centraron en una serie de temas clave:<\/p>\n\n<ul class=\"wp-block-list\">\n<li><strong>La integraci\u00f3n de coproductos <\/strong>en la formulaci\u00f3n de biocomposites, permitiendo cambiar el dise\u00f1o\/color del producto seg\u00fan el coproducto utilizado y el tama\u00f1o de las part\u00edculas.<\/li>\n\n\n\n<li>El desarrollo de <strong>compuestos biobasados y\/o biodegradables<\/strong> que cumplan requisitos espec\u00edficos (t\u00e9rmicos, mec\u00e1nicos, etc.) para diversas aplicaciones.<\/li>\n\n\n\n<li><strong>La importancia del ecodise\u00f1o<\/strong> y de la integraci\u00f3n de los biopl\u00e1sticos en un enfoque controlado del final de la vida \u00fatil (reciclabilidad, compostabilidad).<\/li>\n<\/ul>\n\n<p>Estos di\u00e1logos subrayaron la relevancia de nuestro enfoque a medida, cuyo objetivo es ofrecer una soluci\u00f3n material \u00fanica para cada proyecto.  <\/p>\n\n<h3 class=\"wp-block-heading\"><strong>Un espect\u00e1culo estrat\u00e9gico para reforzar las asociaciones<\/strong><\/h3>\n\n<p>El Sal\u00f3n K sigue siendo un acontecimiento clave para todo nuestro ecosistema. Esta 2025 edici\u00f3n nos ha brindado la oportunidad de reunirnos con nuestros clientes y proveedores, as\u00ed como de intercambiar ideas y establecer contactos cualificados en Francia y en el extranjero. Estos encuentros son esenciales para anticipar las futuras necesidades del mercado e iniciar colaboraciones prometedoras.  <\/p>\n\n<p>NaturePlast tambi\u00e9n desea agradecer calurosamente a Business France la organizaci\u00f3n del Pabell\u00f3n Franc\u00e9s, que ha proporcionado una excelente visibilidad a la experiencia francesa.<\/p>\n\n<p>Queremos dar sinceramente las gracias a todos los visitantes que vinieron a conocernos. La riqueza de nuestros intercambios es una fuente de motivaci\u00f3n para seguir innovando y construyendo. <\/p>\n\n<p><a id=\"_msocom_1\"><\/a><\/p>\n\n<figure class=\"wp-block-image size-large is-resized\"><img loading=\"lazy\" decoding=\"async\" width=\"1024\" height=\"768\" src=\"https:\/\/natureplast.eu\/wp-content\/uploads\/2025\/10\/salon-k-7-1024x768.jpg\" alt=\"Feria K 2025, stand NaturePlast\" class=\"wp-image-9863\" style=\"width:609px;height:auto\" srcset=\"https:\/\/natureplast.eu\/wp-content\/uploads\/2025\/10\/salon-k-7-1024x768.jpg 1024w, https:\/\/natureplast.eu\/wp-content\/uploads\/2025\/10\/salon-k-7-300x225.jpg 300w, https:\/\/natureplast.eu\/wp-content\/uploads\/2025\/10\/salon-k-7-768x576.jpg 768w, https:\/\/natureplast.eu\/wp-content\/uploads\/2025\/10\/salon-k-7-1536x1152.jpg 1536w, https:\/\/natureplast.eu\/wp-content\/uploads\/2025\/10\/salon-k-7-800x600.jpg 800w, https:\/\/natureplast.eu\/wp-content\/uploads\/2025\/10\/salon-k-7.jpg 2048w\" sizes=\"auto, (max-width: 1024px) 100vw, 1024px\" \/><\/figure>\n","protected":false},"excerpt":{"rendered":"<p>Del 8 al 15 de octubre de 2025, NaturePlast participar\u00e1 en la feria K de D\u00fcsseldorf, el punto de encuentro internacional imprescindible para los profesionales del pl\u00e1stico y el caucho.<\/p>\n","protected":false},"author":4,"featured_media":9862,"comment_status":"closed","ping_status":"closed","sticky":false,"template":"","format":"standard","meta":{"_acf_changed":false,"footnotes":""},"categories":[81,79],"tags":[],"class_list":["post-10140","post","type-post","status-publish","format-standard","has-post-thumbnail","hentry","category-noticias-es","category-noticias-sobre-bioplasticos"],"acf":[],"_links":{"self":[{"href":"https:\/\/natureplast.eu\/es\/wp-json\/wp\/v2\/posts\/10140","targetHints":{"allow":["GET"]}}],"collection":[{"href":"https:\/\/natureplast.eu\/es\/wp-json\/wp\/v2\/posts"}],"about":[{"href":"https:\/\/natureplast.eu\/es\/wp-json\/wp\/v2\/types\/post"}],"author":[{"embeddable":true,"href":"https:\/\/natureplast.eu\/es\/wp-json\/wp\/v2\/users\/4"}],"replies":[{"embeddable":true,"href":"https:\/\/natureplast.eu\/es\/wp-json\/wp\/v2\/comments?post=10140"}],"version-history":[{"count":1,"href":"https:\/\/natureplast.eu\/es\/wp-json\/wp\/v2\/posts\/10140\/revisions"}],"predecessor-version":[{"id":10141,"href":"https:\/\/natureplast.eu\/es\/wp-json\/wp\/v2\/posts\/10140\/revisions\/10141"}],"wp:featuredmedia":[{"embeddable":true,"href":"https:\/\/natureplast.eu\/es\/wp-json\/wp\/v2\/media\/9862"}],"wp:attachment":[{"href":"https:\/\/natureplast.eu\/es\/wp-json\/wp\/v2\/media?parent=10140"}],"wp:term":[{"taxonomy":"category","embeddable":true,"href":"https:\/\/natureplast.eu\/es\/wp-json\/wp\/v2\/categories?post=10140"},{"taxonomy":"post_tag","embeddable":true,"href":"https:\/\/natureplast.eu\/es\/wp-json\/wp\/v2\/tags?post=10140"}],"curies":[{"name":"wp","href":"https:\/\/api.w.org\/{rel}","templated":true}]}}