{"id":10267,"date":"2026-02-25T14:45:30","date_gmt":"2026-02-25T13:45:30","guid":{"rendered":"https:\/\/natureplast.eu\/programa-2026-consulta-nuestros-actos-del-ano\/"},"modified":"2026-02-25T14:45:45","modified_gmt":"2026-02-25T13:45:45","slug":"programa-2026-consulta-nuestros-actos-del-ano","status":"publish","type":"post","link":"https:\/\/natureplast.eu\/es\/programa-2026-consulta-nuestros-actos-del-ano\/","title":{"rendered":"Programa 2026: consulta nuestros actos del a\u00f1o"},"content":{"rendered":"\n<p>2026 promete ser un a\u00f1o din\u00e1mico para NaturePlast. Los cursos de formaci\u00f3n y los eventos profesionales ya est\u00e1n en la agenda. <\/p>\n\n<h2 class=\"wp-block-heading\"><strong>Formaci\u00f3n para 2026<\/strong><\/h2>\n\n<p>Con vistas a compartir conocimientos y desarrollar competencias en biopl\u00e1sticos, NaturePlast ofrece nuevos cursos de formaci\u00f3n en 2026.<\/p>\n\n<ul class=\"wp-block-list\">\n<li>Un curso de formaci\u00f3n en colaboraci\u00f3n con B4C <br\/> \ud83d\uddd3\ufe0f <strong>6 y 7 de octubre de 2026<\/strong>.<\/li>\n<\/ul>\n\n<p>Este curso abarcar\u00e1 los fundamentos de los biopl\u00e1sticos, sus propiedades, sus \u00e1mbitos de aplicaci\u00f3n y las cuestiones normativas y medioambientales asociadas. Est\u00e1 dirigido a profesionales que deseen conocer mejor estos materiales y sus usos en un contexto industrial. <\/p>\n\n<h2 class=\"wp-block-heading\"><strong>Actos profesionales<\/strong><\/h2>\n\n<p>NaturePlast participar\u00e1 en varios actos en 2026, fomentando los intercambios con los agentes de la industria del pl\u00e1stico y los materiales.<\/p>\n\n<ul class=\"wp-block-list\">\n<li>Jornada de Puertas Abiertas de Arts et M\u00e9tiers con Antiguos Alumnos \ud83d\udccdMondeville<br\/>\ud83d\uddd3\ufe0f <strong>20 de marzo de 2026<\/strong><\/li>\n<\/ul>\n\n<p>Durante las jornadas de puertas abiertas organizadas por Usines Ouvertes, varios grupos vendr\u00e1n a conocer mejor los biopl\u00e1sticos, as\u00ed como nuestros talleres de producci\u00f3n y nuestro laboratorio. Es una gran oportunidad para saber m\u00e1s y hablar con nuestros equipos sobre su trabajo. <\/p>\n\n<ul class=\"wp-block-list\">\n<li>Exposici\u00f3n FIP \ud83d\udccd Lyon<br\/>\ud83d\uddd3\ufe0f del <strong>2 al 5 de junio de 2026<\/strong><\/li>\n<\/ul>\n\n<p>Ven a vernos a la feria FIP, un gran acontecimiento para la industria del pl\u00e1stico y los materiales. Estaremos all\u00ed para presentar nuestros biopl\u00e1sticos, nuestras innovaciones y nuestros procesos de producci\u00f3n. Es una oportunidad para conocer a nuestros equipos, hablar de tus proyectos y descubrir c\u00f3mo pueden integrarse nuestros materiales en tus aplicaciones. Encu\u00e9ntranos en el stand D37 &#8211; 6.2   <\/p>\n\n<p>Esperamos poder compartir estos aspectos destacados contigo a lo largo de 2026.<\/p>\n\n<p><a id=\"_msocom_1\"><\/a><\/p>\n","protected":false},"excerpt":{"rendered":"<p>2026 promete ser un a\u00f1o din\u00e1mico para NaturePlast. Los cursos de formaci\u00f3n y los eventos profesionales ya est\u00e1n en la agenda. Formaci\u00f3n para 2026 Con vistas a compartir conocimientos y desarrollar competencias en biopl\u00e1sticos, NaturePlast ofrece nuevos cursos de formaci\u00f3n en 2026. Este curso abarcar\u00e1 los fundamentos de los biopl\u00e1sticos, sus propiedades, sus \u00e1mbitos de [&hellip;]<\/p>\n","protected":false},"author":4,"featured_media":10244,"comment_status":"closed","ping_status":"closed","sticky":false,"template":"","format":"standard","meta":{"_acf_changed":false,"footnotes":""},"categories":[81],"tags":[],"class_list":["post-10267","post","type-post","status-publish","format-standard","has-post-thumbnail","hentry","category-noticias-es"],"acf":[],"_links":{"self":[{"href":"https:\/\/natureplast.eu\/es\/wp-json\/wp\/v2\/posts\/10267","targetHints":{"allow":["GET"]}}],"collection":[{"href":"https:\/\/natureplast.eu\/es\/wp-json\/wp\/v2\/posts"}],"about":[{"href":"https:\/\/natureplast.eu\/es\/wp-json\/wp\/v2\/types\/post"}],"author":[{"embeddable":true,"href":"https:\/\/natureplast.eu\/es\/wp-json\/wp\/v2\/users\/4"}],"replies":[{"embeddable":true,"href":"https:\/\/natureplast.eu\/es\/wp-json\/wp\/v2\/comments?post=10267"}],"version-history":[{"count":1,"href":"https:\/\/natureplast.eu\/es\/wp-json\/wp\/v2\/posts\/10267\/revisions"}],"predecessor-version":[{"id":10268,"href":"https:\/\/natureplast.eu\/es\/wp-json\/wp\/v2\/posts\/10267\/revisions\/10268"}],"wp:featuredmedia":[{"embeddable":true,"href":"https:\/\/natureplast.eu\/es\/wp-json\/wp\/v2\/media\/10244"}],"wp:attachment":[{"href":"https:\/\/natureplast.eu\/es\/wp-json\/wp\/v2\/media?parent=10267"}],"wp:term":[{"taxonomy":"category","embeddable":true,"href":"https:\/\/natureplast.eu\/es\/wp-json\/wp\/v2\/categories?post=10267"},{"taxonomy":"post_tag","embeddable":true,"href":"https:\/\/natureplast.eu\/es\/wp-json\/wp\/v2\/tags?post=10267"}],"curies":[{"name":"wp","href":"https:\/\/api.w.org\/{rel}","templated":true}]}}