{"id":7254,"date":"2021-01-08T14:06:22","date_gmt":"2021-01-08T13:06:22","guid":{"rendered":"https:\/\/sc2leje1101.universe.wf\/bio-plastics-europe-primera-reunion-virtual\/"},"modified":"2021-01-08T14:06:22","modified_gmt":"2021-01-08T13:06:22","slug":"bio-plastics-europe-primera-reunion-virtual","status":"publish","type":"post","link":"https:\/\/natureplast.eu\/es\/bio-plastics-europe-primera-reunion-virtual\/","title":{"rendered":"Bio-Plastics Europe: primera reuni\u00f3n virtual"},"content":{"rendered":"<p>NaturePlast organiza una reuni\u00f3n virtual <strong>el 27 de enero, de 10.00 a 12.00 horas<\/strong>, sobre el tema de los pl\u00e1sticos de origen biol\u00f3gico y\/o biodegradables en Francia, en colaboraci\u00f3n con <a href=\"https:\/\/bioplasticseurope.eu\/\" target=\"_blank\" rel=\"noopener noreferrer\">Bioplastics Europe<\/a>.<\/p>\n<p>Se tratar\u00e1n diversos temas para ayudarte a comprender los biopl\u00e1sticos y la evoluci\u00f3n del mercado y la normativa en Francia.<\/p>\n<p>\u00a1Nuestros invitados <a href=\"https:\/\/www.filt1860.fr\/fr\/\" target=\"_blank\" rel=\"noopener noreferrer\">FILT1860<\/a> y <a href=\"https:\/\/francofil.fr\/\" target=\"_blank\" rel=\"noopener noreferrer\">FRANCOFIL<\/a> compartir\u00e1n su experiencia!<\/p>\n<p>Tanto si eres un profesional del sector como un miembro interesado del p\u00fablico, este acto es para ti. \u00a1Ven a hablar con nosotros, haznos tus preguntas y comparte tu punto de vista!<\/p>\n<p>Para participar, inscr\u00edbete a trav\u00e9s del enlace: https: <a href=\"https:\/\/www.bioplasticseurope.eu\/news-events\/producing-and-consuming-bio-based-materials-in-france\" target=\"_blank\" rel=\"noopener\">\/\/www.bioplasticseurope.eu\/news-events\/producing-and-consuming-bio-based-materials-in-france<\/a><\/p>\n<p><em><strong>Acerca de NaturePlast<\/strong> NaturePlast es una empresa francesa con sede en Normand\u00eda (Ifs &#8211; 14), especializada en biopl\u00e1sticos. Con m\u00e1s de 10 a\u00f1os de experiencia en este campo, dispone de la cartera m\u00e1s amplia de materias primas y compuestos de origen biol\u00f3gico y\/o biodegradables de Europa. A trav\u00e9s de su filial BiopolyNov, tambi\u00e9n apoya a los fabricantes desde el inicio hasta la industrializaci\u00f3n de sus proyectos de innovaci\u00f3n. Gracias a los conocimientos de I+D adquiridos a lo largo de los a\u00f1os, NaturePlast y BiopolyNov son ahora expertos en el desarrollo y la producci\u00f3n de formulaciones para proyectos de clientes o de colaboraci\u00f3n.   <\/em><\/p>\n","protected":false},"excerpt":{"rendered":"<p>NaturePlast organiza una reuni\u00f3n virtual el 27 de enero, de 10.00 a 12.00 horas, sobre el tema de los pl\u00e1sticos de origen biol\u00f3gico y\/o biodegradables en Francia, en colaboraci\u00f3n con Bioplastics Europe. Se tratar\u00e1n diversos temas para ayudarte a comprender los biopl\u00e1sticos y la evoluci\u00f3n del mercado y la normativa en Francia. \u00a1Nuestros invitados FILT1860 [&hellip;]<\/p>\n","protected":false},"author":1,"featured_media":2025,"comment_status":"closed","ping_status":"open","sticky":false,"template":"","format":"standard","meta":{"_acf_changed":false,"footnotes":""},"categories":[79],"tags":[],"class_list":["post-7254","post","type-post","status-publish","format-standard","has-post-thumbnail","hentry","category-noticias-sobre-bioplasticos"],"acf":[],"_links":{"self":[{"href":"https:\/\/natureplast.eu\/es\/wp-json\/wp\/v2\/posts\/7254","targetHints":{"allow":["GET"]}}],"collection":[{"href":"https:\/\/natureplast.eu\/es\/wp-json\/wp\/v2\/posts"}],"about":[{"href":"https:\/\/natureplast.eu\/es\/wp-json\/wp\/v2\/types\/post"}],"author":[{"embeddable":true,"href":"https:\/\/natureplast.eu\/es\/wp-json\/wp\/v2\/users\/1"}],"replies":[{"embeddable":true,"href":"https:\/\/natureplast.eu\/es\/wp-json\/wp\/v2\/comments?post=7254"}],"version-history":[{"count":0,"href":"https:\/\/natureplast.eu\/es\/wp-json\/wp\/v2\/posts\/7254\/revisions"}],"wp:featuredmedia":[{"embeddable":true,"href":"https:\/\/natureplast.eu\/es\/wp-json\/wp\/v2\/media\/2025"}],"wp:attachment":[{"href":"https:\/\/natureplast.eu\/es\/wp-json\/wp\/v2\/media?parent=7254"}],"wp:term":[{"taxonomy":"category","embeddable":true,"href":"https:\/\/natureplast.eu\/es\/wp-json\/wp\/v2\/categories?post=7254"},{"taxonomy":"post_tag","embeddable":true,"href":"https:\/\/natureplast.eu\/es\/wp-json\/wp\/v2\/tags?post=7254"}],"curies":[{"name":"wp","href":"https:\/\/api.w.org\/{rel}","templated":true}]}}