{"id":7260,"date":"2022-02-23T08:49:41","date_gmt":"2022-02-23T07:49:41","guid":{"rendered":"https:\/\/sc2leje1101.universe.wf\/natureplast-ultimas-noticias\/"},"modified":"2022-02-23T08:49:41","modified_gmt":"2022-02-23T07:49:41","slug":"natureplast-ultimas-noticias","status":"publish","type":"post","link":"https:\/\/natureplast.eu\/es\/natureplast-ultimas-noticias\/","title":{"rendered":"NaturePlast : \u00daltimas noticias"},"content":{"rendered":"<p>En una coyuntura econ\u00f3mica a\u00fan incierta, vinculada a la crisis sanitaria, NaturePlast ha conseguido mantenerse y aprovechar sus buenos resultados de 2020 para <strong>seguir creciendo a lo largo de 2021<\/strong>.<\/p>\n<p>El equipo tambi\u00e9n ha podido ampliarse y 3 personas se han incorporado a sus filas: <strong>Marie<\/strong> como asistente administrativa y comercial, en pocos meses se ha convertido en un eslab\u00f3n esencial de la cadena NaturePlast. <strong>Victorien<\/strong>, para quien el proceso de inyecci\u00f3n no tiene secretos, como t\u00e9cnico de producci\u00f3n para reforzar el equipo t\u00e9cnico y, por \u00faltimo, <strong>Marion<\/strong> que, tras unas pr\u00e1cticas de I+D con \u00e9xito, sigue descubriendo el oficio de jefe de proyecto qued\u00e1ndose como aprendiz durante su segundo a\u00f1o de m\u00e1ster en la Universidad Claude Bernard de Lyon.<\/p>\n<h2>NaturePlast en la feria<\/h2>\n<p>Con la relajaci\u00f3n de las restricciones para viajar, NaturePlast asistir\u00e1 a varias ferias comerciales este a\u00f1o. Ser\u00e1 una oportunidad para mostrar nuestros \u00faltimos productos y hablar con fabricantes, contratistas y fabricantes de pl\u00e1sticos sobre todos los aspectos de los pl\u00e1sticos de origen biol\u00f3gico y biodegradables. <\/p>\n<p>NaturePlast estar\u00e1 presente del <strong>05 al 08 de abril de 2022 en Lyon EUREXPO<\/strong> en el stand IMDB04! de la feria <a href=\"https:\/\/www.f-i-p.com\/\" target=\"_blank\" rel=\"noopener\">France Innovation Plasturgie &#8211; FIP<\/a>, y m\u00e1s concretamente en la secci\u00f3n IMD &#8211; Innovative Materials Days, que es el nuevo punto de encuentro para los fabricantes de materiales innovadores y las marcas multimarcas. En busca de nuevas soluciones que transformen los proyectos del ma\u00f1ana, marcas y fabricantes podr\u00e1n intercambiar ideas y descubrir los materiales m\u00e1s adecuados. <\/p>\n<p><img loading=\"lazy\" decoding=\"async\" class=\"wp-image-26348 size-full aligncenter\" src=\"https:\/\/natureplast.eu\/wp-content\/uploads\/2022\/05\/NaturePlast-Dernie%CC%80res-actualite%CC%81s-1.jpeg\" alt=\"\" width=\"300\" height=\"54\"><\/p>\n<p>Tambi\u00e9n podr\u00e1s encontrarnos en Kuntstoff 2022, en D\u00fcsseldorf, del 19 al 26 de octubre de 2022, y en ALL4PACK Emballage, en Par\u00eds, del 21 al 24 de noviembre de 2022.<\/p>\n<p>Por \u00faltimo, 2022 ser\u00e1 un a\u00f1o importante para NaturePlast, con la realizaci\u00f3n de un gran proyecto. \u00a1<strong> Prometemos contarte m\u00e1s muy pronto<\/strong>!<\/p>\n<h2>Formaci\u00f3n sobre materiales de origen biol\u00f3gico y\/o biodegradables<\/h2>\n<p>Como recordatorio, NaturePlast sigue ofreciendo su experiencia a trav\u00e9s de cursos <a href=\"https:\/\/natureplast.eu\/es\/60-cosmetique-home-2\/\">de formaci\u00f3n<\/a> para compartir sus conocimientos sobre materiales de origen biol\u00f3gico y\/o biodegradables para que sus clientes <strong>comprendan mejor el mundo de los biopl\u00e1sticos<\/strong>.<\/p>\n<p>El curso tiene una duraci\u00f3n de 7 horas, en un formato adaptado, sin requisitos previos. Est\u00e1 dirigido a personal t\u00e9cnico, de I+D, comercial, de marketing y directivo de empresas e instituciones p\u00fablicas que deseen ampliar o profundizar sus conocimientos sobre el tema. <\/p>\n<p>Este curso de biopl\u00e1sticos se divide en tres \u00e1reas principales:<br \/>\n&#8211; <strong>Adquisici\u00f3n de los fundamentos del campo de los biopl\u00e1sticos<\/strong>.<br \/>\n&#8211; Conocimiento de sus caracter\u00edsticas t\u00e9cnicas, ventajas y limitaciones: producci\u00f3n, propiedades, uso y costes.<br \/>\n&#8211; Elecci\u00f3n de biopl\u00e1sticos en t\u00e9rminos de componentes y funciones asociadas.<\/p>\n<p>Aunque de car\u00e1cter general, esta formaci\u00f3n puede adaptarse para satisfacer las necesidades espec\u00edficas de tu empresa y facilitar la integraci\u00f3n de los biopl\u00e1sticos en la estrategia de innovaci\u00f3n de productos y desarrollo sostenible de tu empresa.<\/p>\n<p><em><strong>Acerca de NaturePlast<\/strong> NaturePlast es una empresa francesa con sede en Normand\u00eda (Ifs &#8211; 14), especializada en biopl\u00e1sticos. Con m\u00e1s de 14 a\u00f1os de experiencia en este campo, dispone de la cartera m\u00e1s amplia de materias primas y compuestos de origen biol\u00f3gico y\/o biodegradables de Europa. A trav\u00e9s de su filial BiopolyNov, tambi\u00e9n apoya a los fabricantes desde el inicio hasta la industrializaci\u00f3n de sus proyectos de innovaci\u00f3n. Gracias a los conocimientos de I+D adquiridos a lo largo de los a\u00f1os, NaturePlast y BiopolyNov son ahora expertos en el desarrollo y la producci\u00f3n de formulaciones para proyectos de clientes o de colaboraci\u00f3n.   <\/em><\/p>\n","protected":false},"excerpt":{"rendered":"<p>En una coyuntura econ\u00f3mica a\u00fan incierta, vinculada a la crisis sanitaria, NaturePlast ha conseguido mantenerse y aprovechar sus buenos resultados de 2020 para seguir creciendo a lo largo de 2021. El equipo tambi\u00e9n ha podido ampliarse y 3 personas se han incorporado a sus filas: Marie como asistente administrativa y comercial, en pocos meses se [&hellip;]<\/p>\n","protected":false},"author":1,"featured_media":2107,"comment_status":"closed","ping_status":"open","sticky":false,"template":"","format":"standard","meta":{"_acf_changed":false,"footnotes":""},"categories":[79],"tags":[],"class_list":["post-7260","post","type-post","status-publish","format-standard","has-post-thumbnail","hentry","category-noticias-sobre-bioplasticos"],"acf":[],"_links":{"self":[{"href":"https:\/\/natureplast.eu\/es\/wp-json\/wp\/v2\/posts\/7260","targetHints":{"allow":["GET"]}}],"collection":[{"href":"https:\/\/natureplast.eu\/es\/wp-json\/wp\/v2\/posts"}],"about":[{"href":"https:\/\/natureplast.eu\/es\/wp-json\/wp\/v2\/types\/post"}],"author":[{"embeddable":true,"href":"https:\/\/natureplast.eu\/es\/wp-json\/wp\/v2\/users\/1"}],"replies":[{"embeddable":true,"href":"https:\/\/natureplast.eu\/es\/wp-json\/wp\/v2\/comments?post=7260"}],"version-history":[{"count":0,"href":"https:\/\/natureplast.eu\/es\/wp-json\/wp\/v2\/posts\/7260\/revisions"}],"wp:featuredmedia":[{"embeddable":true,"href":"https:\/\/natureplast.eu\/es\/wp-json\/wp\/v2\/media\/2107"}],"wp:attachment":[{"href":"https:\/\/natureplast.eu\/es\/wp-json\/wp\/v2\/media?parent=7260"}],"wp:term":[{"taxonomy":"category","embeddable":true,"href":"https:\/\/natureplast.eu\/es\/wp-json\/wp\/v2\/categories?post=7260"},{"taxonomy":"post_tag","embeddable":true,"href":"https:\/\/natureplast.eu\/es\/wp-json\/wp\/v2\/tags?post=7260"}],"curies":[{"name":"wp","href":"https:\/\/api.w.org\/{rel}","templated":true}]}}