{"id":7460,"date":"2023-10-13T15:00:00","date_gmt":"2023-10-13T13:00:00","guid":{"rendered":"https:\/\/sc2leje1101.universe.wf\/retrospectiva-de-la-conexion-valorialconnection-materiales-de-base-biologica-una-via-a-explorar-para-anadir-valor-a-los-coproductos-agroalimentarios\/"},"modified":"2023-10-13T15:00:00","modified_gmt":"2023-10-13T13:00:00","slug":"retrospectiva-de-la-conexion-valorialconnection-materiales-de-base-biologica-una-via-a-explorar-para-anadir-valor-a-los-coproductos-agroalimentarios","status":"publish","type":"post","link":"https:\/\/natureplast.eu\/es\/retrospectiva-de-la-conexion-valorialconnection-materiales-de-base-biologica-una-via-a-explorar-para-anadir-valor-a-los-coproductos-agroalimentarios\/","title":{"rendered":"Retrospectiva de la Conexi\u00f3n Valorial&#8217;Connection: \u00abMateriales de base biol\u00f3gica: \u00bfuna v\u00eda a explorar para a\u00f1adir valor a los coproductos agroalimentarios?"},"content":{"rendered":"<p>En el marco del proyecto europeo <a href=\"https:\/\/natureplast.eu\/projets_collaboratif\/biorural\/\" target=\"_blank\" rel=\"noopener\">Biorural<\/a>, tuvimos el placer de coorganizar la Valorial&#8217;Connection del 12 de octubre de 2023 en colaboraci\u00f3n con <a href=\"https:\/\/www.pole-valorial.fr\/\" target=\"_blank\" rel=\"noopener\">Valorial<\/a>, polo de competitividad especializado en el sector agroalimentario de la regi\u00f3n del Gran Oeste.<\/p>\n<\/p>\n<p>La jornada se dedic\u00f3 \u00edntegramente a introducir a los miembros de Valorial en el uso de subproductos de la industria agroalimentaria y agr\u00edcola como materiales de base biol\u00f3gica, en particular incorpor\u00e1ndolos a matrices de biopl\u00e1sticos.<\/p>\n<\/p>\n<p>Volver al programa:<\/p>\n<\/p>\n<ul>\n<li>Conferencias sobre materiales de base biol\u00f3gica por la ma\u00f1ana, con intervenciones de la C\u00e1mara de Agricultura de Normand\u00eda, UniLaSalle, Mytilimer, la C\u00e1tedra de Bioeconom\u00eda N\u00e9oma BS, BYSCO y NaturePlast.<\/li>\n<li>Visita nuestras instalaciones: taller de pl\u00e1sticos, sala de tratamiento de coproductos y laboratorio.<\/li>\n<li>Taller biorural centrado en los coproductos de Normand\u00eda.<\/li>\n<\/ul>\n<p>Una vez m\u00e1s, \u00a1muchas gracias a todos los participantes por el tiempo que han pasado juntos!<\/p>\n<\/p>\n<p><img loading=\"lazy\" decoding=\"async\" src=\"https:\/\/natureplast.eu\/wp-content\/uploads\/2023\/12\/IMG_1809-1-300x200.jpg\" alt=\"\" width=\"600\" height=\"400\"><\/p>\n<\/p>\n<p>Estos talleres tambi\u00e9n se est\u00e1n celebrando en otros pa\u00edses europeos. Los resultados ser\u00e1n analizados por el consorcio del proyecto Biorural y proporcionar\u00e1n una visi\u00f3n general de las posibles soluciones innovadoras para la recuperaci\u00f3n de coproductos. <\/p>\n<\/p>\n<p>Por su parte, NaturePlast ya est\u00e1 a\u00f1adiendo valor a una serie de coproductos, como las vieiras, los mejillones y las agramizas de lino, incorpor\u00e1ndolos a diversas matrices de pl\u00e1stico.<\/p>\n<\/p>\n<p>Para m\u00e1s informaci\u00f3n sobre nuestra gama de biocomposites basados en coproductos, visita nuestro sitio web: https: <a href=\"https:\/\/natureplast.eu\/fournisseur-de-bioplastiques\/biocomposites-fibres-et-coproduits\/\" target=\"_blank\" rel=\"noopener\">\/\/natureplast.eu\/fournisseur-de-bioplastiques\/biocomposites-fibres-et-coproduits\/<\/a><\/p>\n<\/p>\n<p><em>El proyecto Biorural, financiado por la Comisi\u00f3n Europea, pretende desarrollar una red de bioeconom\u00eda en zonas rurales de Europa y acelerar la integraci\u00f3n de soluciones circulares de base biol\u00f3gica mediante una caja de herramientas en l\u00ednea.<\/em><\/p>\n<\/p>\n<p><em>No dudes en inscribirte para desarrollar tu propia red: https: <a href=\"https:\/\/biorural-toolkit.eu\/registration-form\/\" target=\"_blank\" rel=\"noopener\">\/\/biorural-toolkit.eu\/registration-form\/<\/a><\/em><\/p>\n<\/p>\n<p><em>Inf\u00f3rmate en nuestro sitio web y en el sitio web del proyecto:<\/em><br \/><a href=\"https:\/\/natureplast.eu\/projets_collaboratif\/biorural\/\"><em>https:\/\/natureplast.eu\/projets_collaboratif\/biorural\/<\/em><\/a><br \/><a href=\"https:\/\/biorural.eu\/\" target=\"_blank\" rel=\"noopener\"><em>https:\/\/biorural.eu\/<\/em><\/a><\/p>\n","protected":false},"excerpt":{"rendered":"<p>En el marco del proyecto europeo Biorural, tuvimos el placer de coorganizar la Valorial&#8217;Connection del 12 de octubre de 2023 en colaboraci\u00f3n con Valorial, polo de competitividad especializado en el sector agroalimentario de la regi\u00f3n del Gran Oeste. La jornada se dedic\u00f3 \u00edntegramente a introducir a los miembros de Valorial en el uso de subproductos [&hellip;]<\/p>\n","protected":false},"author":1,"featured_media":2533,"comment_status":"closed","ping_status":"open","sticky":false,"template":"","format":"standard","meta":{"_acf_changed":false,"footnotes":""},"categories":[80],"tags":[],"class_list":["post-7460","post","type-post","status-publish","format-standard","has-post-thumbnail","hentry","category-sin-clasificar"],"acf":[],"_links":{"self":[{"href":"https:\/\/natureplast.eu\/es\/wp-json\/wp\/v2\/posts\/7460","targetHints":{"allow":["GET"]}}],"collection":[{"href":"https:\/\/natureplast.eu\/es\/wp-json\/wp\/v2\/posts"}],"about":[{"href":"https:\/\/natureplast.eu\/es\/wp-json\/wp\/v2\/types\/post"}],"author":[{"embeddable":true,"href":"https:\/\/natureplast.eu\/es\/wp-json\/wp\/v2\/users\/1"}],"replies":[{"embeddable":true,"href":"https:\/\/natureplast.eu\/es\/wp-json\/wp\/v2\/comments?post=7460"}],"version-history":[{"count":0,"href":"https:\/\/natureplast.eu\/es\/wp-json\/wp\/v2\/posts\/7460\/revisions"}],"wp:featuredmedia":[{"embeddable":true,"href":"https:\/\/natureplast.eu\/es\/wp-json\/wp\/v2\/media\/2533"}],"wp:attachment":[{"href":"https:\/\/natureplast.eu\/es\/wp-json\/wp\/v2\/media?parent=7460"}],"wp:term":[{"taxonomy":"category","embeddable":true,"href":"https:\/\/natureplast.eu\/es\/wp-json\/wp\/v2\/categories?post=7460"},{"taxonomy":"post_tag","embeddable":true,"href":"https:\/\/natureplast.eu\/es\/wp-json\/wp\/v2\/tags?post=7460"}],"curies":[{"name":"wp","href":"https:\/\/api.w.org\/{rel}","templated":true}]}}