{"id":9191,"date":"2025-04-28T16:29:17","date_gmt":"2025-04-28T14:29:17","guid":{"rendered":"https:\/\/natureplast.eu\/?p=9191"},"modified":"2026-04-17T11:36:24","modified_gmt":"2026-04-17T09:36:24","slug":"un-repaso-al-curso-de-formacion-celebrado-los-dias-18-y-19-de-marzo-con-natureplast-y-bioeconomy-for-change","status":"publish","type":"post","link":"https:\/\/natureplast.eu\/es\/un-repaso-al-curso-de-formacion-celebrado-los-dias-18-y-19-de-marzo-con-natureplast-y-bioeconomy-for-change\/","title":{"rendered":"\u00a1Un repaso al curso de formaci\u00f3n celebrado los d\u00edas 18 y 19 de marzo con NaturePlast y Bioeconomy For Change!"},"content":{"rendered":"\n<div class=\"wp-block-group is-nowrap is-layout-flex wp-container-core-group-is-layout-6c531013 wp-block-group-is-layout-flex\">\n<p>Los d\u00edas 18 y 19 de marzo, NaturePlast tuvo el placer de acoger a los participantes en un curso de formaci\u00f3n interempresarial sobre pol\u00edmeros de origen biol\u00f3gico y biodegradables, en colaboraci\u00f3n con Bioeconomy For Change. Este programa de dos d\u00edas permiti\u00f3 a nuestros participantes adquirir conocimientos profundos al tiempo que descubr\u00edan los aspectos pr\u00e1cticos de la transformaci\u00f3n de los biopl\u00e1sticos. <\/p>\n<\/div>\n\n<p><strong>D\u00eda 1: Un gratificante d\u00eda de teor\u00eda<\/strong><\/p>\n\n<p>El primer d\u00eda se dedic\u00f3 a la teor\u00eda. Nuestros formadores exploraron los aspectos espec\u00edficos de los pl\u00e1sticos biobasados y biodegradables, cubriendo temas clave como el mercado de los biopl\u00e1sticos, los materiales utilizados y sus diversas aplicaciones. Fue una oportunidad \u00fanica para que los participantes comprendieran los problemas, tendencias y retos a los que se enfrenta el sector de los biopl\u00e1sticos.  <\/p>\n\n<p><strong>D\u00eda 2: Ponerlo en pr\u00e1ctica<\/strong><\/p>\n\n<p>El segundo d\u00eda se dedic\u00f3 a poner en pr\u00e1ctica los conceptos debatidos. Los participantes tuvieron la oportunidad de probar distintas fases del proceso de transformaci\u00f3n de biopl\u00e1sticos, como la composici\u00f3n, la inyecci\u00f3n en probeta y la caracterizaci\u00f3n de materiales. Estos talleres pr\u00e1cticos proporcionaron una imagen m\u00e1s clara del proceso de producci\u00f3n y una comprensi\u00f3n m\u00e1s profunda de las distintas tecnolog\u00edas utilizadas.  <\/p>\n\n<div class=\"wp-block-group is-nowrap is-layout-flex wp-container-core-group-is-layout-6c531013 wp-block-group-is-layout-flex\">\n<p>Queremos agradecer a todos los participantes su entusiasmo y compromiso durante el curso. Su participaci\u00f3n activa fue esencial para el \u00e9xito del curso. <\/p>\n<\/div>\n\n<p>Si quieres saber m\u00e1s sobre los biopl\u00e1sticos y nuestros procesos de transformaci\u00f3n, no te pierdas nuestro pr\u00f3ximo curso de formaci\u00f3n los d\u00edas 20 y 21 de mayo y 23 y 24 de septiembre.  <\/p>\n\n<p><strong>Inscr\u00edbete ahora para reservar tu plaza:<\/strong> <a href=\"https:\/\/www.bioeconomyforchange.eu\/evenement\/formation-inter-entreprises-septembre-2025-les-polymeres-biosources-et-ou-biodegradables\/\" target=\"_blank\" rel=\"noopener\">https:\/\/www.bioeconomyforchange.eu\/evenement\/formation-inter-entreprises-septembre-2025-les-polymeres-biosources-et-ou-biodegradables\/<\/a><\/p>\n<div class=\"wp-block-image\">\n<figure class=\"aligncenter size-large is-resized\"><img loading=\"lazy\" decoding=\"async\" width=\"1024\" height=\"683\" src=\"https:\/\/natureplast.eu\/wp-content\/uploads\/2025\/04\/296-1024x683.png\" alt=\"\" class=\"wp-image-9287\" style=\"width:658px;height:auto\" srcset=\"https:\/\/natureplast.eu\/wp-content\/uploads\/2025\/04\/296-1024x683.png 1024w, https:\/\/natureplast.eu\/wp-content\/uploads\/2025\/04\/296-300x200.png 300w, https:\/\/natureplast.eu\/wp-content\/uploads\/2025\/04\/296-768x512.png 768w, https:\/\/natureplast.eu\/wp-content\/uploads\/2025\/04\/296-1536x1024.png 1536w, https:\/\/natureplast.eu\/wp-content\/uploads\/2025\/04\/296-800x533.png 800w, https:\/\/natureplast.eu\/wp-content\/uploads\/2025\/04\/296.png 1920w\" sizes=\"auto, (max-width: 1024px) 100vw, 1024px\" \/><\/figure>\n<\/div>\n<p><a id=\"_msocom_1\"><\/a><\/p>\n","protected":false},"excerpt":{"rendered":"<p>Los d\u00edas 18 y 19 de marzo, NaturePlast tuvo el placer de acoger a los participantes en un curso de formaci\u00f3n interempresarial sobre pol\u00edmeros de origen biol\u00f3gico y biodegradables, en colaboraci\u00f3n con Bioeconomy For Change. Este programa de dos d\u00edas permiti\u00f3 a nuestros participantes adquirir conocimientos profundos al tiempo que descubr\u00edan los aspectos pr\u00e1cticos de [&hellip;]<\/p>\n","protected":false},"author":4,"featured_media":9184,"comment_status":"closed","ping_status":"closed","sticky":false,"template":"","format":"standard","meta":{"_acf_changed":false,"footnotes":""},"categories":[81],"tags":[],"class_list":["post-9191","post","type-post","status-publish","format-standard","has-post-thumbnail","hentry","category-noticias-es"],"acf":[],"_links":{"self":[{"href":"https:\/\/natureplast.eu\/es\/wp-json\/wp\/v2\/posts\/9191","targetHints":{"allow":["GET"]}}],"collection":[{"href":"https:\/\/natureplast.eu\/es\/wp-json\/wp\/v2\/posts"}],"about":[{"href":"https:\/\/natureplast.eu\/es\/wp-json\/wp\/v2\/types\/post"}],"author":[{"embeddable":true,"href":"https:\/\/natureplast.eu\/es\/wp-json\/wp\/v2\/users\/4"}],"replies":[{"embeddable":true,"href":"https:\/\/natureplast.eu\/es\/wp-json\/wp\/v2\/comments?post=9191"}],"version-history":[{"count":6,"href":"https:\/\/natureplast.eu\/es\/wp-json\/wp\/v2\/posts\/9191\/revisions"}],"predecessor-version":[{"id":9310,"href":"https:\/\/natureplast.eu\/es\/wp-json\/wp\/v2\/posts\/9191\/revisions\/9310"}],"wp:featuredmedia":[{"embeddable":true,"href":"https:\/\/natureplast.eu\/es\/wp-json\/wp\/v2\/media\/9184"}],"wp:attachment":[{"href":"https:\/\/natureplast.eu\/es\/wp-json\/wp\/v2\/media?parent=9191"}],"wp:term":[{"taxonomy":"category","embeddable":true,"href":"https:\/\/natureplast.eu\/es\/wp-json\/wp\/v2\/categories?post=9191"},{"taxonomy":"post_tag","embeddable":true,"href":"https:\/\/natureplast.eu\/es\/wp-json\/wp\/v2\/tags?post=9191"}],"curies":[{"name":"wp","href":"https:\/\/api.w.org\/{rel}","templated":true}]}}