{"id":10132,"date":"2025-10-30T13:57:50","date_gmt":"2025-10-30T12:57:50","guid":{"rendered":"https:\/\/natureplast.eu\/uno-sguardo-al-corso-di-formazione-tenutosi-il-23-e-24-settembre-con-natureplast-e-bioeconomy-for-change\/"},"modified":"2026-01-14T11:34:22","modified_gmt":"2026-01-14T10:34:22","slug":"uno-sguardo-al-corso-di-formazione-tenutosi-il-23-e-24-settembre-con-natureplast-e-bioeconomy-for-change","status":"publish","type":"post","link":"https:\/\/natureplast.eu\/it\/uno-sguardo-al-corso-di-formazione-tenutosi-il-23-e-24-settembre-con-natureplast-e-bioeconomy-for-change\/","title":{"rendered":"Uno sguardo al corso di formazione tenutosi il 23 e 24 settembre con NaturePlast e Bioeconomy For Change!"},"content":{"rendered":"\n<div class=\"wp-block-group is-nowrap is-layout-flex wp-container-core-group-is-layout-6c531013 wp-block-group-is-layout-flex\">\n<p>Il 23 e 24 settembre, NaturePlast \u00e8 stata lieta di accogliere i partecipanti a un corso di formazione sui polimeri di origine biologica e\/o biodegradabili in collaborazione con Bioeconomy For Change. Questi due giorni di formazione hanno permesso ai partecipanti di acquisire conoscenze in questo campo e di scoprire i processi industriali di trasformazione delle bioplastiche. <\/p>\n<\/div>\n\n<p><\/p>\n\n<p><strong>Giorno 1: Una gratificante giornata di teoria<\/strong><\/p>\n\n<p>In questa prima giornata di formazione, i partecipanti sono stati introdotti alle nozioni fondamentali: una panoramica del mercato delle bioplastiche, le propriet\u00e0 dei materiali, i campi di applicazione, nonch\u00e9 i limiti e i punti da tenere d&#8217;occhio.<br\/>L&#8217;obiettivo del modulo era quello di fornire una visione chiara e strutturata delle termoplastiche di origine biologica e\/o biodegradabili in vista dell&#8217;innovazione di prodotto.  <\/p>\n\n<p><strong>Giorno 2: Mettere in pratica<\/strong><\/p>\n\n<p>Il secondo giorno \u00e8 passato dalla teoria alla pratica: i partecipanti hanno avuto l&#8217;opportunit\u00e0 di partecipare a una sezione pratica sul compounding, sull&#8217;iniezione in provetta e sulla caratterizzazione dei materiali. Questo formato, che combina teoria e pratica, ha permesso ai partecipanti di comprendere meglio le fasi di lavorazione e le caratteristiche specifiche delle bioplastiche.<br\/>Attraverso l&#8217;esperienza pratica e la discussione, i partecipanti hanno potuto consolidare le loro conoscenze e comprendere meglio i criteri di scelta dei materiali e dei processi. <\/p>\n\n<div class=\"wp-block-group is-nowrap is-layout-flex wp-container-core-group-is-layout-6c531013 wp-block-group-is-layout-flex\">\n<p>Vorremmo ringraziare tutti i partecipanti per il loro coinvolgimento, la loro curiosit\u00e0 e la qualit\u00e0 delle discussioni. Questa sessione \u00e8 stata particolarmente ricca di condivisioni e feedback. Un vero piacere per i formatori! Grazie anche a Bioeconomy For Change per questa partnership di successo.   <\/p>\n<\/div>\n\n<p><\/p>\n\n<h4 class=\"wp-block-heading\"><strong>La tua azienda sta cercando di sviluppare le proprie competenze nel campo delle bioplastiche?<\/strong><\/h4>\n\n<p>Progettiamo corsi di formazione su misura, interamente adattati ai tuoi progetti e ai tuoi team.<\/p>\n\n<p>Per saperne di pi\u00f9 su tutti i nostri moduli, dalle basi alla trasformazione dei materiali, consulta il nostro catalogo.<\/p>\n\n<p><strong>Consulta il nostro catalogo di formazione e contattaci per un programma personalizzato: <\/strong><a href=\"https:\/\/natureplast.eu\/it\/la-nostra-esperienza\/servizi\/formazione\/\">https:\/\/natureplast.eu\/notre-expertise\/services\/formation\/<\/a><\/p>\n<div class=\"wp-block-image\">\n<figure class=\"aligncenter size-large is-resized\"><img loading=\"lazy\" decoding=\"async\" width=\"1024\" height=\"768\" src=\"https:\/\/natureplast.eu\/wp-content\/uploads\/2025\/10\/IMG_5841-1024x768.jpg\" alt=\"Visita al laboratorio NaturePlast durante un corso di formazione\" class=\"wp-image-9852\" style=\"width:658px;height:auto\" srcset=\"https:\/\/natureplast.eu\/wp-content\/uploads\/2025\/10\/IMG_5841-1024x768.jpg 1024w, https:\/\/natureplast.eu\/wp-content\/uploads\/2025\/10\/IMG_5841-300x225.jpg 300w, https:\/\/natureplast.eu\/wp-content\/uploads\/2025\/10\/IMG_5841-768x576.jpg 768w, https:\/\/natureplast.eu\/wp-content\/uploads\/2025\/10\/IMG_5841-1536x1152.jpg 1536w, https:\/\/natureplast.eu\/wp-content\/uploads\/2025\/10\/IMG_5841-2048x1536.jpg 2048w, https:\/\/natureplast.eu\/wp-content\/uploads\/2025\/10\/IMG_5841-800x600.jpg 800w\" sizes=\"auto, (max-width: 1024px) 100vw, 1024px\" \/><\/figure>\n<\/div>\n<p><a id=\"_msocom_1\"><\/a><\/p>\n","protected":false},"excerpt":{"rendered":"<p>Il 23 e 24 settembre, NaturePlast \u00e8 stata lieta di accogliere i partecipanti a un corso di formazione sui polimeri di origine biologica e\/o biodegradabili in collaborazione con Bioeconomy For Change. Questi due giorni di formazione hanno permesso ai partecipanti di acquisire conoscenze in questo campo e di scoprire i processi industriali di trasformazione delle [&hellip;]<\/p>\n","protected":false},"author":4,"featured_media":9845,"comment_status":"closed","ping_status":"closed","sticky":false,"template":"","format":"standard","meta":{"_acf_changed":false,"footnotes":""},"categories":[82],"tags":[],"class_list":["post-10132","post","type-post","status-publish","format-standard","has-post-thumbnail","hentry","category-notizie"],"acf":[],"_links":{"self":[{"href":"https:\/\/natureplast.eu\/it\/wp-json\/wp\/v2\/posts\/10132","targetHints":{"allow":["GET"]}}],"collection":[{"href":"https:\/\/natureplast.eu\/it\/wp-json\/wp\/v2\/posts"}],"about":[{"href":"https:\/\/natureplast.eu\/it\/wp-json\/wp\/v2\/types\/post"}],"author":[{"embeddable":true,"href":"https:\/\/natureplast.eu\/it\/wp-json\/wp\/v2\/users\/4"}],"replies":[{"embeddable":true,"href":"https:\/\/natureplast.eu\/it\/wp-json\/wp\/v2\/comments?post=10132"}],"version-history":[{"count":1,"href":"https:\/\/natureplast.eu\/it\/wp-json\/wp\/v2\/posts\/10132\/revisions"}],"predecessor-version":[{"id":10133,"href":"https:\/\/natureplast.eu\/it\/wp-json\/wp\/v2\/posts\/10132\/revisions\/10133"}],"wp:featuredmedia":[{"embeddable":true,"href":"https:\/\/natureplast.eu\/it\/wp-json\/wp\/v2\/media\/9845"}],"wp:attachment":[{"href":"https:\/\/natureplast.eu\/it\/wp-json\/wp\/v2\/media?parent=10132"}],"wp:term":[{"taxonomy":"category","embeddable":true,"href":"https:\/\/natureplast.eu\/it\/wp-json\/wp\/v2\/categories?post=10132"},{"taxonomy":"post_tag","embeddable":true,"href":"https:\/\/natureplast.eu\/it\/wp-json\/wp\/v2\/tags?post=10132"}],"curies":[{"name":"wp","href":"https:\/\/api.w.org\/{rel}","templated":true}]}}