{"id":10138,"date":"2025-10-30T14:01:53","date_gmt":"2025-10-30T13:01:53","guid":{"rendered":"https:\/\/natureplast.eu\/uno-sguardo-al-k-2025-bioplastiche-su-misura-al-centro-delle-sfide-industriali\/"},"modified":"2026-01-14T14:10:45","modified_gmt":"2026-01-14T13:10:45","slug":"uno-sguardo-al-k-2025-bioplastiche-su-misura-al-centro-delle-sfide-industriali","status":"publish","type":"post","link":"https:\/\/natureplast.eu\/it\/uno-sguardo-al-k-2025-bioplastiche-su-misura-al-centro-delle-sfide-industriali\/","title":{"rendered":"Uno sguardo al K 2025: bioplastiche su misura al centro delle sfide industriali"},"content":{"rendered":"\n<p><a id=\"_msocom_1\"><\/a><strong>Dall&#8217;8 al 15 ottobre 2025, il team di NaturePlast si \u00e8 recato a D\u00fcsseldorf per partecipare alla fiera K, il pi\u00f9 grande luogo di incontro in Europa per l&#8217;industria della plastica e della gomma. Questa nuova edizione \u00e8 stata l&#8217;occasione per i nostri team di presentare le loro ultime innovazioni e di confermare, attraverso numerosi scambi, il crescente interesse del mercato per le soluzioni bioplastiche ad alte prestazioni e su misura. <\/strong><\/p>\n\n<h3 class=\"wp-block-heading\"><strong>Soluzioni in bioplastica per soddisfare le specifiche pi\u00f9 esigenti<\/strong><\/h3>\n\n<p>Durante l&#8217;evento, i visitatori del nostro stand hanno potuto scoprire la portata della nostra esperienza nella formulazione. Le discussioni hanno confermato che i produttori sono alla ricerca di nuovi materiali in grado di soddisfare precisi requisiti tecnici. <\/p>\n\n<p>Le discussioni si sono concentrate su una serie di temi chiave:<\/p>\n\n<ul class=\"wp-block-list\">\n<li><strong>L&#8217;integrazione dei co-prodotti <\/strong>nella formulazione dei biocompositi, che consente di modificare il design\/colore del prodotto in base al co-prodotto utilizzato e alla dimensione delle particelle.<\/li>\n\n\n\n<li>Lo sviluppo di <strong>composti biobased e\/o biodegradabili<\/strong> per soddisfare requisiti specifici (termici, meccanici, ecc.) per una variet\u00e0 di applicazioni.<\/li>\n\n\n\n<li><strong>L&#8217;importanza dell&#8217;eco-design<\/strong> e dell&#8217;integrazione delle bioplastiche in un approccio controllato al fine vita (riciclabilit\u00e0, compostabilit\u00e0).<\/li>\n<\/ul>\n\n<p>Questi dialoghi hanno sottolineato l&#8217;importanza del nostro approccio su misura, che mira a fornire una soluzione materiale unica per ogni progetto.  <\/p>\n\n<h3 class=\"wp-block-heading\"><strong>Una mostra strategica per rafforzare le partnership<\/strong><\/h3>\n\n<p>Il Salone K rimane un evento fondamentale per tutto il nostro ecosistema. Questa edizione 2025 ci ha dato l&#8217;opportunit\u00e0 di incontrare i nostri clienti e fornitori, oltre che di scambiare idee e creare contatti qualificati in Francia e all&#8217;estero. Questi incontri sono fondamentali per anticipare le future esigenze del mercato e avviare promettenti collaborazioni.  <\/p>\n\n<p>NaturePlast desidera inoltre ringraziare calorosamente Business France per l&#8217;organizzazione del padiglione francese, che ha fornito un&#8217;eccellente visibilit\u00e0 alle competenze francesi.<\/p>\n\n<p>Desideriamo ringraziare sinceramente tutti i visitatori che sono venuti a trovarci. La ricchezza dei nostri scambi \u00e8 una fonte di motivazione per continuare a innovare e costruire. <\/p>\n\n<p><a id=\"_msocom_1\"><\/a><\/p>\n\n<figure class=\"wp-block-image size-large is-resized\"><img loading=\"lazy\" decoding=\"async\" width=\"1024\" height=\"768\" src=\"https:\/\/natureplast.eu\/wp-content\/uploads\/2025\/10\/salon-k-7-1024x768.jpg\" alt=\"Fiera K 2025, stand NaturePlast\" class=\"wp-image-9863\" style=\"width:609px;height:auto\" srcset=\"https:\/\/natureplast.eu\/wp-content\/uploads\/2025\/10\/salon-k-7-1024x768.jpg 1024w, https:\/\/natureplast.eu\/wp-content\/uploads\/2025\/10\/salon-k-7-300x225.jpg 300w, https:\/\/natureplast.eu\/wp-content\/uploads\/2025\/10\/salon-k-7-768x576.jpg 768w, https:\/\/natureplast.eu\/wp-content\/uploads\/2025\/10\/salon-k-7-1536x1152.jpg 1536w, https:\/\/natureplast.eu\/wp-content\/uploads\/2025\/10\/salon-k-7-800x600.jpg 800w, https:\/\/natureplast.eu\/wp-content\/uploads\/2025\/10\/salon-k-7.jpg 2048w\" sizes=\"auto, (max-width: 1024px) 100vw, 1024px\" \/><\/figure>\n","protected":false},"excerpt":{"rendered":"<p>Dall&#8217;8 al 15 ottobre 2025, NaturePlast parteciper\u00e0 alla fiera K di D\u00fcsseldorf, il punto di incontro internazionale fondamentale per i professionisti della plastica e della gomma.<\/p>\n","protected":false},"author":4,"featured_media":9861,"comment_status":"closed","ping_status":"closed","sticky":false,"template":"","format":"standard","meta":{"_acf_changed":false,"footnotes":""},"categories":[82,77],"tags":[],"class_list":["post-10138","post","type-post","status-publish","format-standard","has-post-thumbnail","hentry","category-notizie","category-notizie-sulle-bioplastiche"],"acf":[],"_links":{"self":[{"href":"https:\/\/natureplast.eu\/it\/wp-json\/wp\/v2\/posts\/10138","targetHints":{"allow":["GET"]}}],"collection":[{"href":"https:\/\/natureplast.eu\/it\/wp-json\/wp\/v2\/posts"}],"about":[{"href":"https:\/\/natureplast.eu\/it\/wp-json\/wp\/v2\/types\/post"}],"author":[{"embeddable":true,"href":"https:\/\/natureplast.eu\/it\/wp-json\/wp\/v2\/users\/4"}],"replies":[{"embeddable":true,"href":"https:\/\/natureplast.eu\/it\/wp-json\/wp\/v2\/comments?post=10138"}],"version-history":[{"count":1,"href":"https:\/\/natureplast.eu\/it\/wp-json\/wp\/v2\/posts\/10138\/revisions"}],"predecessor-version":[{"id":10139,"href":"https:\/\/natureplast.eu\/it\/wp-json\/wp\/v2\/posts\/10138\/revisions\/10139"}],"wp:featuredmedia":[{"embeddable":true,"href":"https:\/\/natureplast.eu\/it\/wp-json\/wp\/v2\/media\/9861"}],"wp:attachment":[{"href":"https:\/\/natureplast.eu\/it\/wp-json\/wp\/v2\/media?parent=10138"}],"wp:term":[{"taxonomy":"category","embeddable":true,"href":"https:\/\/natureplast.eu\/it\/wp-json\/wp\/v2\/categories?post=10138"},{"taxonomy":"post_tag","embeddable":true,"href":"https:\/\/natureplast.eu\/it\/wp-json\/wp\/v2\/tags?post=10138"}],"curies":[{"name":"wp","href":"https:\/\/api.w.org\/{rel}","templated":true}]}}